{"id":7074,"date":"2025-11-05T07:00:00","date_gmt":"2025-11-05T06:00:00","guid":{"rendered":"https:\/\/glimat.cz\/mistr\/?p=7074"},"modified":"2025-09-29T13:27:31","modified_gmt":"2025-09-29T11:27:31","slug":"komatsu-zavadi-novou-kabinu-operatora-pro-pasove-rypadla","status":"publish","type":"post","link":"https:\/\/glimat.cz\/mistr\/prispevky\/komatsu-zavadi-novou-kabinu-operatora-pro-pasove-rypadla\/","title":{"rendered":"Komatsu zav\u00e1d\u00ed novou kabinu oper\u00e1tora pro p\u00e1sov\u00e9 rypadla"},"content":{"rendered":"\n<div class=\"wp-block-group has-light-background-color has-background\"><div class=\"wp-block-group__inner-container is-layout-constrained wp-block-group-is-layout-constrained\">\n<p class=\"has-dark-color has-text-color has-link-color has-medium-font-size wp-elements-3b7c7cdd6e91be1d9990a4c278032292\"><strong>Z tohoto \u010dl\u00e1nku se dozv\u00edte:<\/strong><\/p>\n\n\n\n<ul class=\"wp-block-list\">\n<li style=\"font-size:16px\"><a href=\"#Ergonomie,-komfort-na-nejvy\u0161\u0161\u00ed-\u00farovni-a-zv\u00fd\u0161en\u00e1-produktivita\">Ergonomie, komfort na nejvy\u0161\u0161\u00ed \u00farovni a zv\u00fd\u0161en\u00e1 produktivita<\/a><\/li>\n\n\n\n<li><a href=\"#Modern\u00ed-technologie-a-komfort-pr\u00e1ce\">Modern\u00ed technologie a komfort pr\u00e1ce<\/a><\/li>\n\n\n\n<li><a href=\"#O-spole\u010dnosti-Komatsu\">O spole\u010dnosti Komatsu<\/a><\/li>\n\n\n\n<li><a href=\"#Vlastnosti-a-vylep\u0161en\u00ed-nov\u00e9-kabiny-oper\u00e1tora-v-r\u00fdpadlech-Komatsu\">Vlastnosti a vylep\u0161en\u00ed nov\u00e9 kabiny oper\u00e1tora v r\u00fdpadlech Komatsu<\/a><\/li>\n<\/ul>\n<\/div><\/div>\n\n\n\n<h2 class=\"wp-block-heading\" id=\"Ergonomie,-komfort-na-nejvy\u0161\u0161\u00ed-\u00farovni-a-zv\u00fd\u0161en\u00e1-produktivita\">Ergonomie, komfort na nejvy\u0161\u0161\u00ed \u00farovni a zv\u00fd\u0161en\u00e1 produktivita<\/h2>\n\n\n\n<p><a href=\"https:\/\/glimat.cz\/mistr\/prispevky\/historie-znacky-komatsu\/\">Komatsu<\/a>, na z\u00e1klad\u011b rozs\u00e1hl\u00e9 zp\u011btn\u00e9 vazby od z\u00e1kazn\u00edk\u016f a neust\u00e1l\u00e9 p\u00e9\u010de o pohodu a produktivitu oper\u00e1tor\u016f, zav\u00e1d\u00ed v\u00fdznamnou modernizaci kabiny oper\u00e1tora v p\u00e1sov\u00fdch r\u00fdpadlech. Tento nov\u00fd projekt zd\u016fraz\u0148uje, jak kl\u00ed\u010dov\u00fd je komfort oper\u00e1tora pro efektivitu pr\u00e1ce na staveni\u0161ti. Jak \u0159\u00edk\u00e1 Vince Porteous, produktov\u00fd mana\u017eer v Komatsu Europe: \u201eJi\u017e nyn\u00ed dod\u00e1v\u00e1me na\u0161im z\u00e1kazn\u00edk\u016fm mimo\u0159\u00e1dn\u011b v\u00fdkonn\u00e9 a produktivn\u00ed <a href=\"https:\/\/glimat.cz\/mistr\/prispevky\/udrzovani-cistoty-stavebnich-stroju\/\">stroje<\/a> a nov\u00e1 <a href=\"https:\/\/glimat.cz\/mistr\/prispevky\/jak-vymenit-vnejsi-filtr-kabiny-rypadla\/\">kabina<\/a> oper\u00e1tora je krok vp\u0159ed, kter\u00fd v\u00fdrazn\u011b zvy\u0161uje \u00farove\u0148 komfortu a ergonomie.\u201c<\/p>\n\n\n\n<div style=\"height:40px\" aria-hidden=\"true\" class=\"wp-block-spacer\"><\/div>\n\n\n\n<h3 class=\"wp-block-heading\">Snadn\u00e9 nastupov\u00e1n\u00ed a vystupov\u00e1n\u00ed<\/h3>\n\n\n\n<p>Nov\u00e1 kabina oper\u00e1tora Komatsu byla navr\u017eena s ohledem na u\u017eivatele, aby zajistila pohodl\u00ed ji\u017e od okam\u017eiku vstupu do stroje. \u017dlut\u00e1 madla s vysokou viditelnost\u00ed, um\u00edst\u011bn\u00e1 jak zvenku, tak uvnit\u0159 kabiny, zaji\u0161\u0165uj\u00ed bezpe\u010dn\u00fd p\u0159\u00edstup i p\u0159i slab\u00e9m osv\u011btlen\u00ed. Stylov\u00e1 chromovan\u00e1 klika dve\u0159\u00ed nejen dod\u00e1v\u00e1 modern\u00ed vzhled, ale je tak\u00e9 snadno uchopiteln\u00e1, co\u017e zvy\u0161uje komfort pou\u017e\u00edv\u00e1n\u00ed. Dal\u0161\u00ed madlo na dve\u0159\u00edch usnad\u0148uje jejich zav\u00edr\u00e1n\u00ed a inovativn\u00ed zrc\u00e1tka, kter\u00e1 lze nastavit bez pou\u017eit\u00ed n\u00e1\u0159ad\u00ed, zvy\u0161uj\u00ed bezpe\u010dnost a ergonomii. Osv\u011btlen\u00ed \u201ecoming home\u201c z\u016fst\u00e1v\u00e1 zapnut\u00e9 po dobu 30 sekund po vyjmut\u00ed kl\u00ed\u010dku ze zapalov\u00e1n\u00ed, co\u017e zvy\u0161uje bezpe\u010dnost oper\u00e1tora po ukon\u010den\u00ed pr\u00e1ce.<\/p>\n\n\n\n<div style=\"height:40px\" aria-hidden=\"true\" class=\"wp-block-spacer\"><\/div>\n\n\n\n<figure class=\"wp-block-image size-large is-style-default\"><img decoding=\"async\" src=\"https:\/\/glimat.com\/majster\/wp-content\/uploads\/2024\/10\/Komatsu_kabina_3-1024x683.jpg\" alt=\"\" class=\"wp-image-6823\"\/><figcaption class=\"wp-element-caption\">fot. Tiskov\u00e9 materi\u00e1ly Komatsu Ltd.<\/figcaption><\/figure>\n\n\n\n<div style=\"height:40px\" aria-hidden=\"true\" class=\"wp-block-spacer\"><\/div>\n\n\n\n<h3 class=\"wp-block-heading\">Ergonomick\u00fd pracovn\u00ed prostor a lep\u0161\u00ed viditelnost<\/h3>\n\n\n\n<p>Interi\u00e9r kabiny byl navr\u017een tak, aby oper\u00e1torovi poskytl pohodln\u00fd a ergonomick\u00fd pracovn\u00ed prostor. Inspirov\u00e1n luxusn\u00edmi vozidly, interi\u00e9r kabiny byl vybaven tmavou, elegantn\u00ed barevnost\u00ed a m\u011bkkou podlahovou roho\u017e\u00ed, kter\u00e1 nejen dod\u00e1v\u00e1 presti\u017en\u00ed vzhled, ale je tak\u00e9 snadno \u010distiteln\u00e1. Nov\u00e9 um\u00edst\u011bn\u00ed slune\u010dn\u00ed clony zlep\u0161uje viditelnost, blokuje slunce, ani\u017e by zakr\u00fdvala v\u00fdhled oper\u00e1tora. Komatsu se rovn\u011b\u017e postaralo o zlep\u0161en\u00ed vn\u011bj\u0161\u00ed viditelnosti instalac\u00ed modernizovan\u00e9ho LED osv\u011btlen\u00ed jak nad sedadlem, tak vzadu v kabin\u011b, co\u017e zaji\u0161\u0165uje vynikaj\u00edc\u00ed osv\u011btlen\u00ed v kteroukoli denn\u00ed dobu.<\/p>\n\n\n\n<p>Pro v\u011bt\u0161\u00ed komfort pr\u00e1ce a sn\u00ed\u017een\u00ed \u00fanavy byla zadn\u00ed okna kabiny opat\u0159ena UV vrstvou, kter\u00e1 minimalizuje slune\u010dn\u00ed z\u00e1\u0159en\u00ed a pom\u00e1h\u00e1 udr\u017eovat chladn\u011bj\u0161\u00ed interi\u00e9r p\u0159i pr\u00e1ci. Nov\u00fd dr\u017e\u00e1k na dokumenty na prav\u00e9 stran\u011b sedadla oper\u00e1tora umo\u017e\u0148uje snadn\u00e9 ukl\u00e1d\u00e1n\u00ed a p\u0159\u00edstup k pot\u0159ebn\u00fdm dokument\u016fm a udr\u017euje po\u0159\u00e1dek v kabin\u011b.<\/p>\n\n\n\n<div style=\"height:40px\" aria-hidden=\"true\" class=\"wp-block-spacer\"><\/div>\n\n\n\n<h3 class=\"wp-block-heading\">Personalizace a dopl\u0148kov\u00e9 mo\u017enosti<\/h3>\n\n\n\n<p>Komatsu nab\u00edz\u00ed \u0161irok\u00e9 mo\u017enosti personalizace kabiny. Multifunk\u010dn\u00ed mont\u00e1\u017en\u00ed li\u0161ta umo\u017e\u0148uje instalaci p\u0159\u00edslu\u0161enstv\u00ed, jako jsou monitory, tablety nebo dr\u017e\u00e1ky na l\u00e1hve s vodou. Kabina je nav\u00edc vybavena dv\u011bma USB porty (USB-A a USB-C), kter\u00e9 usnad\u0148uj\u00ed nab\u00edjen\u00ed mobiln\u00edch za\u0159\u00edzen\u00ed a p\u0159enos dat. Pr\u00e9miov\u00e9 verze kabiny nab\u00edzej\u00ed automaticky nastavitelnou seda\u010dku, kter\u00e1 se p\u0159izp\u016fsobuje hmotnosti oper\u00e1tora, co\u017e zvy\u0161uje komfort pr\u00e1ce po cel\u00fd den. D\u00e1le nov\u00e9, \u0161irok\u00e9 loketn\u00ed op\u011brky s mo\u017enost\u00ed v\u00edcepolo\u017en\u00edho nastaven\u00ed a ergonomick\u00e9 ovl\u00e1dac\u00ed p\u00e1ky byly navr\u017eeny tak, aby sni\u017eovaly \u00fanavu rukou i p\u0159i dlouhodob\u00e9 pr\u00e1ci.<\/p>\n\n\n\n<p>Kabina oper\u00e1tora Komatsu jde o krok d\u00e1l a nab\u00edz\u00ed potenci\u00e1l neomezen\u00e9 personalizace. <a href=\"https:\/\/glimat.cz\/mistr\/prispevky\/udrzba-a-kontrola-stavebnich-stroju-2\/\">Oper\u00e1to\u0159i<\/a> si mohou p\u0159izp\u016fsobit kabinu sv\u00fdm individu\u00e1ln\u00edm pot\u0159eb\u00e1m, nap\u0159\u00edklad instalac\u00ed dr\u017e\u00e1k\u016f na n\u00e1poje, monitor\u016f nebo tablet\u016f. Ka\u017ed\u00fd detail byl navr\u017een s ohledem na komfort a funk\u010dnost.<\/p>\n\n\n\n<div style=\"height:40px\" aria-hidden=\"true\" class=\"wp-block-spacer\"><\/div>\n\n\n\n<figure class=\"wp-block-image size-large\"><img decoding=\"async\" src=\"https:\/\/glimat.com\/majster\/wp-content\/uploads\/2024\/10\/Komatsu_kabina_2-1024x683.jpg\" alt=\"\" class=\"wp-image-6822\"\/><figcaption class=\"wp-element-caption\">fot. Tiskov\u00e9 materi\u00e1ly Komatsu Ltd.<\/figcaption><\/figure>\n\n\n\n<div style=\"height:40px\" aria-hidden=\"true\" class=\"wp-block-spacer\"><\/div>\n\n\n\n<h3 class=\"wp-block-heading\">Tradice bezpe\u010dnosti a ochrana oper\u00e1tora<\/h3>\n\n\n\n<p>Kabina oper\u00e1tora Komatsu st\u00e1le vyu\u017e\u00edv\u00e1 osv\u011bd\u010denou konstrukci Safe SpaceCab\u2122, kter\u00e1 poskytuje maxim\u00e1ln\u00ed ochranu i v nejt\u011b\u017e\u0161\u00edch situac\u00edch, jako je p\u0159evr\u00e1cen\u00ed stroje. Kabina byla navr\u017eena v z\u00e1vodech Komatsu ve Velk\u00e9 Brit\u00e1nii a odr\u00e1\u017e\u00ed dlouholet\u00e9 nasazen\u00ed firmy p\u0159i dod\u00e1v\u00e1n\u00ed bezpe\u010dn\u00fdch a komfortn\u00edch \u0159e\u0161en\u00ed z\u00e1kazn\u00edk\u016fm. Vince Porteous zd\u016fraz\u0148uje, \u017ee zaveden\u00ed t\u00e9to nov\u00e9 kabiny je v\u00fdsledkem \u00fazk\u00e9 spolupr\u00e1ce s u\u017eivateli na staveni\u0161t\u00edch, kde Komatsu analyzovalo pot\u0159eby oper\u00e1tor\u016f a na jejich z\u00e1klad\u011b navrhovalo dal\u0161\u00ed funkce kabiny.<\/p>\n\n\n\n<p>Jedn\u00edm z kl\u00ed\u010dov\u00fdch aspekt\u016f bezpe\u010dnosti v nov\u00e9 kabin\u011b je zv\u00fd\u0161en\u00e1 viditelnost, kter\u00e9 bylo dosa\u017eeno p\u0159em\u00edst\u011bn\u00edm slune\u010dn\u00ed clony a zlep\u0161en\u00edm viditelnosti okol\u00ed stroje. Nav\u00edc vysoce kvalitn\u00ed LED osv\u011btlen\u00ed poskytuje sv\u011btlo za jak\u00fdchkoli sv\u011bteln\u00fdch podm\u00ednek, co\u017e zvy\u0161uje komfort a bezpe\u010dnost pr\u00e1ce.<\/p>\n\n\n\n<div style=\"height:40px\" aria-hidden=\"true\" class=\"wp-block-spacer\"><\/div>\n\n\n\n<h2 class=\"wp-block-heading\" id=\"Modern\u00ed-technologie-a-komfort-pr\u00e1ce\">Modern\u00ed technologie a komfort pr\u00e1ce<\/h2>\n\n\n\n<p>V kabin\u011b byly rovn\u011b\u017e pou\u017eity pokro\u010dil\u00e9 <a href=\"https:\/\/glimat.cz\/mistr\/prispevky\/uskali-a-technologicke-chyby-ve-stavebnictvi\/\">technologie<\/a>, jejich\u017e c\u00edlem je zlep\u0161it produktivitu oper\u00e1tora. Nov\u00e1, pohodln\u00e1 ovl\u00e1dac\u00ed p\u00e1ka byla navr\u017eena tak, aby sn\u00ed\u017eila \u00fanavu rukou b\u011bhem dlouh\u00fdch pracovn\u00edch hodin. <a href=\"https:\/\/glimat.cz\/mistr\/prispevky\/ochrana-minibagru-caterpillar-a-jejich-operatoru\/\">Oper\u00e1tor<\/a> m\u00e1 tak\u00e9 mo\u017enost nastaven\u00ed seda\u010dky, kter\u00e1 se automaticky p\u0159izp\u016fsobuje jeho hmotnosti, co\u017e zvy\u0161uje komfort a umo\u017e\u0148uje zachov\u00e1n\u00ed spr\u00e1vn\u00e9ho dr\u017een\u00ed t\u011bla p\u0159i pr\u00e1ci. Nov\u00e9 loketn\u00ed op\u011brky byly navr\u017eeny s ohledem na optim\u00e1ln\u00ed podporu pa\u017e\u00ed oper\u00e1tora, co\u017e minimalizuje \u00fanavu a zlep\u0161uje ergonomii pr\u00e1ce.<\/p>\n\n\n\n<p>Krom\u011b toho mohou oper\u00e1to\u0159i personalizovat svou kabinu p\u0159id\u00e1v\u00e1n\u00edm p\u0159\u00edslu\u0161enstv\u00ed na multifunk\u010dn\u00ed mont\u00e1\u017en\u00ed li\u0161tu, co\u017e umo\u017e\u0148uje p\u0159izp\u016fsoben\u00ed prostoru individu\u00e1ln\u00edm preferenc\u00edm.<\/p>\n\n\n\n<div style=\"height:40px\" aria-hidden=\"true\" class=\"wp-block-spacer\"><\/div>\n\n\n\n<figure class=\"wp-block-image size-large\"><img decoding=\"async\" src=\"https:\/\/glimat.com\/majster\/wp-content\/uploads\/2024\/10\/Komatsu_kabina_1-1024x756.jpg\" alt=\"\" class=\"wp-image-6821\"\/><figcaption class=\"wp-element-caption\">fot. Tiskov\u00e9 materi\u00e1ly Komatsu Ltd.<\/figcaption><\/figure>\n\n\n\n<div style=\"height:40px\" aria-hidden=\"true\" class=\"wp-block-spacer\"><\/div>\n\n\n\n<h3 class=\"wp-block-heading\">Dostupnost<\/h3>\n\n\n\n<p>Nov\u00e1 kabina je dostupn\u00e1 u v\u0161ech model\u016f p\u00e1sov\u00fdch r\u00fdpadel Komatsu o hmotnosti od 17 do 49 tun, s v\u00fdjimkou modelu PC228USLC.<\/p>\n\n\n\n<div style=\"height:40px\" aria-hidden=\"true\" class=\"wp-block-spacer\"><\/div>\n\n\n\n<h2 class=\"wp-block-heading\" id=\"O-spole\u010dnosti-Komatsu\">O spole\u010dnosti Komatsu<\/h2>\n\n\n\n<p>Komatsu je p\u0159edn\u00edm v\u00fdrobcem a dodavatelem stroj\u016f, technologi\u00ed a slu\u017eeb pro stavebn\u00ed, pr\u016fmyslov\u00fd, lesnick\u00fd a t\u011b\u017eebn\u00ed sektor. Ji\u017e v\u00edce ne\u017e sto let jsou stroje a slu\u017eby Komatsu vyu\u017e\u00edv\u00e1ny po cel\u00e9m sv\u011bt\u011b p\u0159i budov\u00e1n\u00ed modern\u00ed infrastruktury, t\u011b\u017eb\u011b surovin, p\u00e9\u010di o lesy a v\u00fdrob\u011b technologi\u00ed a spot\u0159ebn\u00edho zbo\u017e\u00ed. Glob\u00e1ln\u00ed servisn\u00ed a distribu\u010dn\u00ed s\u00ed\u0165 Komatsu podporuje z\u00e1kazn\u00edky p\u0159i optimalizaci bezpe\u010dnosti a produktivity na staveni\u0161t\u00edch s vyu\u017eit\u00edm inovativn\u00edch technologi\u00ed ke zv\u00fd\u0161en\u00ed efektivity pr\u00e1ce.<\/p>\n\n\n\n<div style=\"height:40px\" aria-hidden=\"true\" class=\"wp-block-spacer\"><\/div>\n\n\n\n<h2 class=\"wp-block-heading\" id=\"Vlastnosti-a-vylep\u0161en\u00ed-nov\u00e9-kabiny-oper\u00e1tora-v-r\u00fdpadlech-Komatsu\">Vlastnosti a vylep\u0161en\u00ed nov\u00e9 kabiny oper\u00e1tora v r\u00fdpadlech Komatsu<\/h2>\n\n\n\n<figure class=\"wp-block-table is-style-stripes\"><table class=\"has-fixed-layout\"><tbody><tr><td><strong>Funkce<\/strong><\/td><td><strong>Popis<\/strong><\/td><td><strong>P\u0159\u00ednosy pro oper\u00e1tora<\/strong><\/td><\/tr><tr><td>Ergonomick\u00fd interi\u00e9r<\/td><td>Tmav\u00e9 barevn\u00e9 proveden\u00ed, snadno \u010distiteln\u00e1 podlaha, modern\u00ed design<\/td><td>Komfort, lep\u0161\u00ed organizace prostoru<\/td><\/tr><tr><td>Nastaviteln\u00e9 loketn\u00ed op\u011brky<\/td><td>V\u00edcepolohov\u00e9 nastaven\u00ed<\/td><td>Optim\u00e1ln\u00ed pracovn\u00ed poloha, sn\u00ed\u017een\u00ed \u00fanavy<\/td><\/tr><tr><td>Automatick\u00e9 nastaven\u00ed seda\u010dky<\/td><td>Pr\u00e9miov\u00e1 seda\u010dka, automatick\u00e1 <a href=\"https:\/\/glimat.cz\/mistr\/prispevky\/jak-nastavit-napnuti-pasu-u-rypadla\/\">regulace<\/a> podle hmotnosti oper\u00e1tora<\/td><td>Zv\u00fd\u0161en\u00fd komfort po cel\u00fd pracovn\u00ed den<\/td><\/tr><tr><td>LED osv\u011btlen\u00ed<\/td><td>Modern\u00ed LED osv\u011btlen\u00ed nad sedadlem a v zadn\u00ed \u010d\u00e1sti kabiny<\/td><td>Vynikaj\u00edc\u00ed viditelnost v kteroukoli denn\u00ed dobu<\/td><\/tr><tr><td>Slune\u010dn\u00ed clona<\/td><td>P\u0159em\u00edst\u011bn\u00e1, neblokuje v\u00fdhled oper\u00e1tora<\/td><td>Zlep\u0161en\u00ed viditelnosti, ochrana p\u0159ed sluncem<\/td><\/tr><tr><td>UV vrstva na zadn\u00edm skle<\/td><td>Ochrana p\u0159ed UV z\u00e1\u0159en\u00edm, udr\u017een\u00ed chladn\u011bj\u0161\u00edho interi\u00e9ru<\/td><td>Sn\u00ed\u017een\u00ed \u00fanavy a tepeln\u00fd komfort<\/td><\/tr><tr><td>Bezpe\u010dn\u00fd vstup a v\u00fdstup<\/td><td>\u017dlut\u00e1 madla s vysokou viditelnost\u00ed, chromovan\u00e1 klika dve\u0159\u00ed<\/td><td>Vy\u0161\u0161\u00ed bezpe\u010dnost, snadn\u00fd p\u0159\u00edstup do kabiny<\/td><\/tr><tr><td>Syst\u00e9m Safe SpaceCab\u2122<\/td><td>Trubkov\u00e1 konstrukce chr\u00e1n\u00edc\u00ed oper\u00e1tora p\u0159i p\u0159evr\u00e1cen\u00ed stroje<\/td><td>Ochrana oper\u00e1tora v extr\u00e9mn\u00edch situac\u00edch<\/td><\/tr><tr><td>Multifunk\u010dn\u00ed mont\u00e1\u017en\u00ed li\u0161ta<\/td><td>Umo\u017e\u0148uje <a href=\"https:\/\/glimat.cz\/mistr\/prispevky\/montaz-zubu-na-lopatu-jak-to-provest-rychle-a-bezpecne\/\">mont\u00e1\u017e<\/a> p\u0159\u00edslu\u0161enstv\u00ed, nap\u0159. monitoru, dr\u017e\u00e1k\u016f na vodu<\/td><td>Mo\u017enost personalizace pracovn\u00edho prostoru<\/td><\/tr><tr><td>Porty USB-A a USB-C<\/td><td>Usnadn\u011bn\u00e9 nab\u00edjen\u00ed mobiln\u00edch za\u0159\u00edzen\u00ed a p\u0159enos dat<\/td><td>Podpora digit\u00e1ln\u00edch technologi\u00ed, pohodl\u00ed p\u0159i pr\u00e1ci<\/td><\/tr><\/tbody><\/table><\/figure>\n","protected":false},"excerpt":{"rendered":"<p>Z tohoto \u010dl\u00e1nku se dozv\u00edte: Ergonomie, komfort na nejvy\u0161\u0161\u00ed \u00farovni a zv\u00fd\u0161en\u00e1 produktivita Komatsu, na z\u00e1klad\u011b rozs\u00e1hl\u00e9 zp\u011btn\u00e9 vazby od z\u00e1kazn\u00edk\u016f a neust\u00e1l\u00e9 p\u00e9\u010de o pohodu a produktivitu oper\u00e1tor\u016f, zav\u00e1d\u00ed v\u00fdznamnou modernizaci kabiny oper\u00e1tora v p\u00e1sov\u00fdch r\u00fdpadlech. Tento nov\u00fd projekt zd\u016fraz\u0148uje, jak kl\u00ed\u010dov\u00fd je komfort oper\u00e1tora pro efektivitu pr\u00e1ce na staveni\u0161ti. Jak \u0159\u00edk\u00e1 Vince Porteous, produktov\u00fd mana\u017eer v Komatsu Europe: \u201eJi\u017e nyn\u00ed dod\u00e1v\u00e1me na\u0161im z\u00e1kazn\u00edk\u016fm mimo\u0159\u00e1dn\u011b v\u00fdkonn\u00e9 a produktivn\u00ed stroje a nov\u00e1 kabina oper\u00e1tora je krok vp\u0159ed, kter\u00fd v\u00fdrazn\u011b zvy\u0161uje \u00farove\u0148 komfortu a ergonomie.\u201c Snadn\u00e9 nastupov\u00e1n\u00ed a vystupov\u00e1n\u00ed Nov\u00e1 kabina oper\u00e1tora Komatsu byla navr\u017eena s ohledem na u\u017eivatele, aby zajistila pohodl\u00ed ji\u017e od okam\u017eiku vstupu do stroje. \u017dlut\u00e1 madla s vysokou viditelnost\u00ed, um\u00edst\u011bn\u00e1 jak zvenku, tak uvnit\u0159 kabiny, zaji\u0161\u0165uj\u00ed bezpe\u010dn\u00fd p\u0159\u00edstup i p\u0159i slab\u00e9m osv\u011btlen\u00ed. Stylov\u00e1 chromovan\u00e1 klika dve\u0159\u00ed nejen dod\u00e1v\u00e1 modern\u00ed vzhled, ale je tak\u00e9 snadno uchopiteln\u00e1, co\u017e zvy\u0161uje komfort pou\u017e\u00edv\u00e1n\u00ed. Dal\u0161\u00ed madlo na dve\u0159\u00edch usnad\u0148uje jejich zav\u00edr\u00e1n\u00ed a inovativn\u00ed zrc\u00e1tka, kter\u00e1 lze nastavit bez pou\u017eit\u00ed n\u00e1\u0159ad\u00ed, zvy\u0161uj\u00ed bezpe\u010dnost a ergonomii. Osv\u011btlen\u00ed \u201ecoming home\u201c z\u016fst\u00e1v\u00e1 zapnut\u00e9 po dobu 30 sekund po vyjmut\u00ed kl\u00ed\u010dku ze zapalov\u00e1n\u00ed, co\u017e zvy\u0161uje bezpe\u010dnost oper\u00e1tora po ukon\u010den\u00ed pr\u00e1ce. Ergonomick\u00fd pracovn\u00ed prostor a lep\u0161\u00ed viditelnost Interi\u00e9r kabiny byl navr\u017een tak, aby oper\u00e1torovi poskytl pohodln\u00fd a ergonomick\u00fd &hellip;<\/p>\n","protected":false},"author":4,"featured_media":7221,"comment_status":"open","ping_status":"open","sticky":false,"template":"","format":"standard","meta":{"_acf_changed":false,"_monsterinsights_skip_tracking":false,"_monsterinsights_sitenote_active":false,"_monsterinsights_sitenote_note":"","_monsterinsights_sitenote_category":0,"footnotes":""},"categories":[196],"tags":[73,198,368],"coauthors":[76],"class_list":["post-7074","post","type-post","status-publish","format-standard","has-post-thumbnail","hentry","category-komatsu","tag-glimat","tag-komatsu","tag-znacky-stroju"],"acf":[],"magazineBlocksPostFeaturedMedia":{"thumbnail":"https:\/\/glimat.cz\/mistr\/wp-content\/uploads\/2025\/06\/Komatsu-wprowadza-nowa-kabine-operatora-do-koparek-gasienicowych-200x133.jpg","medium":"https:\/\/glimat.cz\/mistr\/wp-content\/uploads\/2025\/06\/Komatsu-wprowadza-nowa-kabine-operatora-do-koparek-gasienicowych-300x200.jpg","medium_large":"https:\/\/glimat.cz\/mistr\/wp-content\/uploads\/2025\/06\/Komatsu-wprowadza-nowa-kabine-operatora-do-koparek-gasienicowych-768x512.jpg","large":"https:\/\/glimat.cz\/mistr\/wp-content\/uploads\/2025\/06\/Komatsu-wprowadza-nowa-kabine-operatora-do-koparek-gasienicowych-1024x683.jpg","1536x1536":"https:\/\/glimat.cz\/mistr\/wp-content\/uploads\/2025\/06\/Komatsu-wprowadza-nowa-kabine-operatora-do-koparek-gasienicowych-1536x1024.jpg","2048x2048":"https:\/\/glimat.cz\/mistr\/wp-content\/uploads\/2025\/06\/Komatsu-wprowadza-nowa-kabine-operatora-do-koparek-gasienicowych.jpg","placeholder-img":"https:\/\/glimat.cz\/mistr\/wp-content\/uploads\/2025\/06\/Komatsu-wprowadza-nowa-kabine-operatora-do-koparek-gasienicowych-20x13.jpg","post-thumbnail":"https:\/\/glimat.cz\/mistr\/wp-content\/uploads\/2025\/06\/Komatsu-wprowadza-nowa-kabine-operatora-do-koparek-gasienicowych-480x320.jpg"},"magazineBlocksPostAuthor":{"name":"Emilia","avatar":"https:\/\/secure.gravatar.com\/avatar\/f3b78af81e96ae143ad400ab9ad571648b291ee7fc5ec6323ea4c42c7a1083af?s=96&d=mm&r=g"},"magazineBlocksPostCommentsNumber":"0","magazineBlocksPostExcerpt":"Z tohoto \u010dl\u00e1nku se dozv\u00edte: Ergonomie, komfort na nejvy\u0161\u0161\u00ed \u00farovni a zv\u00fd\u0161en\u00e1 produktivita Komatsu, na z\u00e1klad\u011b rozs\u00e1hl\u00e9 zp\u011btn\u00e9 vazby od z\u00e1kazn\u00edk\u016f a neust\u00e1l\u00e9 p\u00e9\u010de o pohodu a produktivitu oper\u00e1tor\u016f, zav\u00e1d\u00ed v\u00fdznamnou modernizaci kabiny oper\u00e1tora v p\u00e1sov\u00fdch r\u00fdpadlech. Tento nov\u00fd projekt zd\u016fraz\u0148uje, jak kl\u00ed\u010dov\u00fd je komfort oper\u00e1tora pro efektivitu pr\u00e1ce na staveni\u0161ti. Jak \u0159\u00edk\u00e1 Vince Porteous, produktov\u00fd mana\u017eer v Komatsu Europe: \u201eJi\u017e nyn\u00ed dod\u00e1v\u00e1me na\u0161im z\u00e1kazn\u00edk\u016fm mimo\u0159\u00e1dn\u011b v\u00fdkonn\u00e9 a produktivn\u00ed stroje a nov\u00e1 kabina oper\u00e1tora je krok vp\u0159ed, kter\u00fd v\u00fdrazn\u011b zvy\u0161uje \u00farove\u0148 komfortu a ergonomie.\u201c Snadn\u00e9 nastupov\u00e1n\u00ed a vystupov\u00e1n\u00ed Nov\u00e1 kabina oper\u00e1tora Komatsu byla navr\u017eena s ohledem na u\u017eivatele, aby zajistila pohodl\u00ed ji\u017e od okam\u017eiku vstupu do stroje. \u017dlut\u00e1 madla s vysokou viditelnost\u00ed, um\u00edst\u011bn\u00e1 jak zvenku, tak uvnit\u0159 kabiny, zaji\u0161\u0165uj\u00ed bezpe\u010dn\u00fd p\u0159\u00edstup i p\u0159i slab\u00e9m osv\u011btlen\u00ed. Stylov\u00e1 chromovan\u00e1 klika dve\u0159\u00ed nejen dod\u00e1v\u00e1 modern\u00ed vzhled, ale je tak\u00e9 snadno uchopiteln\u00e1, co\u017e zvy\u0161uje komfort pou\u017e\u00edv\u00e1n\u00ed. Dal\u0161\u00ed madlo na dve\u0159\u00edch usnad\u0148uje jejich zav\u00edr\u00e1n\u00ed a inovativn\u00ed zrc\u00e1tka, kter\u00e1 lze nastavit bez pou\u017eit\u00ed n\u00e1\u0159ad\u00ed, zvy\u0161uj\u00ed bezpe\u010dnost a ergonomii. Osv\u011btlen\u00ed \u201ecoming home\u201c z\u016fst\u00e1v\u00e1 zapnut\u00e9 po dobu 30 sekund po vyjmut\u00ed kl\u00ed\u010dku ze zapalov\u00e1n\u00ed, co\u017e zvy\u0161uje bezpe\u010dnost oper\u00e1tora po ukon\u010den\u00ed pr\u00e1ce. Ergonomick\u00fd pracovn\u00ed prostor a lep\u0161\u00ed viditelnost Interi\u00e9r kabiny byl navr\u017een tak, aby oper\u00e1torovi poskytl pohodln\u00fd a ergonomick\u00fd &hellip;","magazineBlocksPostCategories":["Komatsu"],"magazineBlocksPostViewCount":78,"magazineBlocksPostReadTime":7,"magazine_blocks_featured_image_url":{"full":["https:\/\/glimat.cz\/mistr\/wp-content\/uploads\/2025\/06\/Komatsu-wprowadza-nowa-kabine-operatora-do-koparek-gasienicowych.jpg",1600,1067,false],"medium":["https:\/\/glimat.cz\/mistr\/wp-content\/uploads\/2025\/06\/Komatsu-wprowadza-nowa-kabine-operatora-do-koparek-gasienicowych-300x200.jpg",300,200,true],"thumbnail":["https:\/\/glimat.cz\/mistr\/wp-content\/uploads\/2025\/06\/Komatsu-wprowadza-nowa-kabine-operatora-do-koparek-gasienicowych-200x133.jpg",200,133,true]},"magazine_blocks_author":{"display_name":"Emilia","author_link":"https:\/\/glimat.cz\/mistr\/prispevky\/author\/emilia\/"},"magazine_blocks_comment":0,"magazine_blocks_author_image":"https:\/\/secure.gravatar.com\/avatar\/f3b78af81e96ae143ad400ab9ad571648b291ee7fc5ec6323ea4c42c7a1083af?s=96&d=mm&r=g","magazine_blocks_category":"<a href=\"#\" class=\"category-link category-link-196\">Komatsu<\/a>","yoast_head":"<!-- This site is optimized with the Yoast SEO plugin v26.8 - https:\/\/yoast.com\/product\/yoast-seo-wordpress\/ -->\n<title>Komatsu zav\u00e1d\u00ed novou kabinu oper\u00e1tora pro p\u00e1sov\u00e9 rypadla - Blog Mistr<\/title>\n<meta name=\"robots\" content=\"index, follow, max-snippet:-1, max-image-preview:large, max-video-preview:-1\" \/>\n<link rel=\"canonical\" href=\"https:\/\/glimat.cz\/mistr\/prispevky\/komatsu-zavadi-novou-kabinu-operatora-pro-pasove-rypadla\/\" \/>\n<meta property=\"og:locale\" content=\"pl_PL\" \/>\n<meta property=\"og:type\" content=\"article\" \/>\n<meta property=\"og:title\" content=\"Komatsu zav\u00e1d\u00ed novou kabinu oper\u00e1tora pro p\u00e1sov\u00e9 rypadla - Blog Mistr\" \/>\n<meta property=\"og:description\" content=\"Z tohoto \u010dl\u00e1nku se dozv\u00edte: Ergonomie, komfort na nejvy\u0161\u0161\u00ed \u00farovni a zv\u00fd\u0161en\u00e1 produktivita Komatsu, na z\u00e1klad\u011b rozs\u00e1hl\u00e9 zp\u011btn\u00e9 vazby od z\u00e1kazn\u00edk\u016f a neust\u00e1l\u00e9 p\u00e9\u010de o pohodu a produktivitu oper\u00e1tor\u016f, zav\u00e1d\u00ed v\u00fdznamnou modernizaci kabiny oper\u00e1tora v p\u00e1sov\u00fdch r\u00fdpadlech. Tento nov\u00fd projekt zd\u016fraz\u0148uje, jak kl\u00ed\u010dov\u00fd je komfort oper\u00e1tora pro efektivitu pr\u00e1ce na staveni\u0161ti. Jak \u0159\u00edk\u00e1 Vince Porteous, produktov\u00fd mana\u017eer v Komatsu Europe: \u201eJi\u017e nyn\u00ed dod\u00e1v\u00e1me na\u0161im z\u00e1kazn\u00edk\u016fm mimo\u0159\u00e1dn\u011b v\u00fdkonn\u00e9 a produktivn\u00ed stroje a nov\u00e1 kabina oper\u00e1tora je krok vp\u0159ed, kter\u00fd v\u00fdrazn\u011b zvy\u0161uje \u00farove\u0148 komfortu a ergonomie.\u201c Snadn\u00e9 nastupov\u00e1n\u00ed a vystupov\u00e1n\u00ed Nov\u00e1 kabina oper\u00e1tora Komatsu byla navr\u017eena s ohledem na u\u017eivatele, aby zajistila pohodl\u00ed ji\u017e od okam\u017eiku vstupu do stroje. \u017dlut\u00e1 madla s vysokou viditelnost\u00ed, um\u00edst\u011bn\u00e1 jak zvenku, tak uvnit\u0159 kabiny, zaji\u0161\u0165uj\u00ed bezpe\u010dn\u00fd p\u0159\u00edstup i p\u0159i slab\u00e9m osv\u011btlen\u00ed. Stylov\u00e1 chromovan\u00e1 klika dve\u0159\u00ed nejen dod\u00e1v\u00e1 modern\u00ed vzhled, ale je tak\u00e9 snadno uchopiteln\u00e1, co\u017e zvy\u0161uje komfort pou\u017e\u00edv\u00e1n\u00ed. Dal\u0161\u00ed madlo na dve\u0159\u00edch usnad\u0148uje jejich zav\u00edr\u00e1n\u00ed a inovativn\u00ed zrc\u00e1tka, kter\u00e1 lze nastavit bez pou\u017eit\u00ed n\u00e1\u0159ad\u00ed, zvy\u0161uj\u00ed bezpe\u010dnost a ergonomii. Osv\u011btlen\u00ed \u201ecoming home\u201c z\u016fst\u00e1v\u00e1 zapnut\u00e9 po dobu 30 sekund po vyjmut\u00ed kl\u00ed\u010dku ze zapalov\u00e1n\u00ed, co\u017e zvy\u0161uje bezpe\u010dnost oper\u00e1tora po ukon\u010den\u00ed pr\u00e1ce. Ergonomick\u00fd pracovn\u00ed prostor a lep\u0161\u00ed viditelnost Interi\u00e9r kabiny byl navr\u017een tak, aby oper\u00e1torovi poskytl pohodln\u00fd a ergonomick\u00fd &hellip;\" \/>\n<meta property=\"og:url\" content=\"https:\/\/glimat.cz\/mistr\/prispevky\/komatsu-zavadi-novou-kabinu-operatora-pro-pasove-rypadla\/\" \/>\n<meta property=\"og:site_name\" content=\"Blog Mistr\" \/>\n<meta property=\"article:published_time\" content=\"2025-11-05T06:00:00+00:00\" \/>\n<meta property=\"og:image\" content=\"https:\/\/glimat.cz\/mistr\/wp-content\/uploads\/2025\/06\/Komatsu-wprowadza-nowa-kabine-operatora-do-koparek-gasienicowych.jpg\" \/>\n\t<meta property=\"og:image:width\" content=\"1600\" \/>\n\t<meta property=\"og:image:height\" content=\"1067\" \/>\n\t<meta property=\"og:image:type\" content=\"image\/jpeg\" \/>\n<meta name=\"author\" content=\"Emilia\" \/>\n<meta name=\"twitter:card\" content=\"summary_large_image\" \/>\n<meta name=\"twitter:label1\" content=\"Napisane przez\" \/>\n\t<meta name=\"twitter:data1\" content=\"Emilia\" \/>\n\t<meta name=\"twitter:label2\" content=\"Szacowany czas czytania\" \/>\n\t<meta name=\"twitter:data2\" content=\"7 minut\" \/>\n\t<meta name=\"twitter:label3\" content=\"Written by\" \/>\n\t<meta name=\"twitter:data3\" content=\"Emilia\" \/>\n<script type=\"application\/ld+json\" class=\"yoast-schema-graph\">{\"@context\":\"https:\/\/schema.org\",\"@graph\":[{\"@type\":\"Article\",\"@id\":\"https:\/\/glimat.cz\/mistr\/prispevky\/komatsu-zavadi-novou-kabinu-operatora-pro-pasove-rypadla\/#article\",\"isPartOf\":{\"@id\":\"https:\/\/glimat.cz\/mistr\/prispevky\/komatsu-zavadi-novou-kabinu-operatora-pro-pasove-rypadla\/\"},\"author\":{\"name\":\"Emilia\",\"@id\":\"https:\/\/glimat.cz\/mistr\/#\/schema\/person\/c1718ca272d1657424e032e928f58c1e\"},\"headline\":\"Komatsu zav\u00e1d\u00ed novou kabinu oper\u00e1tora pro p\u00e1sov\u00e9 rypadla\",\"datePublished\":\"2025-11-05T06:00:00+00:00\",\"mainEntityOfPage\":{\"@id\":\"https:\/\/glimat.cz\/mistr\/prispevky\/komatsu-zavadi-novou-kabinu-operatora-pro-pasove-rypadla\/\"},\"wordCount\":1356,\"commentCount\":0,\"publisher\":{\"@id\":\"https:\/\/glimat.cz\/mistr\/#organization\"},\"image\":{\"@id\":\"https:\/\/glimat.cz\/mistr\/prispevky\/komatsu-zavadi-novou-kabinu-operatora-pro-pasove-rypadla\/#primaryimage\"},\"thumbnailUrl\":\"https:\/\/glimat.cz\/mistr\/wp-content\/uploads\/2025\/06\/Komatsu-wprowadza-nowa-kabine-operatora-do-koparek-gasienicowych.jpg\",\"keywords\":[\"glimat\",\"Komatsu\",\"Zna\u010dky stroj\u016f\"],\"articleSection\":[\"Komatsu\"],\"inLanguage\":\"pl-PL\",\"potentialAction\":[{\"@type\":\"CommentAction\",\"name\":\"Comment\",\"target\":[\"https:\/\/glimat.cz\/mistr\/prispevky\/komatsu-zavadi-novou-kabinu-operatora-pro-pasove-rypadla\/#respond\"]}]},{\"@type\":\"WebPage\",\"@id\":\"https:\/\/glimat.cz\/mistr\/prispevky\/komatsu-zavadi-novou-kabinu-operatora-pro-pasove-rypadla\/\",\"url\":\"https:\/\/glimat.cz\/mistr\/prispevky\/komatsu-zavadi-novou-kabinu-operatora-pro-pasove-rypadla\/\",\"name\":\"Komatsu zav\u00e1d\u00ed novou kabinu oper\u00e1tora pro p\u00e1sov\u00e9 rypadla - Blog Mistr\",\"isPartOf\":{\"@id\":\"https:\/\/glimat.cz\/mistr\/#website\"},\"primaryImageOfPage\":{\"@id\":\"https:\/\/glimat.cz\/mistr\/prispevky\/komatsu-zavadi-novou-kabinu-operatora-pro-pasove-rypadla\/#primaryimage\"},\"image\":{\"@id\":\"https:\/\/glimat.cz\/mistr\/prispevky\/komatsu-zavadi-novou-kabinu-operatora-pro-pasove-rypadla\/#primaryimage\"},\"thumbnailUrl\":\"https:\/\/glimat.cz\/mistr\/wp-content\/uploads\/2025\/06\/Komatsu-wprowadza-nowa-kabine-operatora-do-koparek-gasienicowych.jpg\",\"datePublished\":\"2025-11-05T06:00:00+00:00\",\"breadcrumb\":{\"@id\":\"https:\/\/glimat.cz\/mistr\/prispevky\/komatsu-zavadi-novou-kabinu-operatora-pro-pasove-rypadla\/#breadcrumb\"},\"inLanguage\":\"pl-PL\",\"potentialAction\":[{\"@type\":\"ReadAction\",\"target\":[\"https:\/\/glimat.cz\/mistr\/prispevky\/komatsu-zavadi-novou-kabinu-operatora-pro-pasove-rypadla\/\"]}]},{\"@type\":\"ImageObject\",\"inLanguage\":\"pl-PL\",\"@id\":\"https:\/\/glimat.cz\/mistr\/prispevky\/komatsu-zavadi-novou-kabinu-operatora-pro-pasove-rypadla\/#primaryimage\",\"url\":\"https:\/\/glimat.cz\/mistr\/wp-content\/uploads\/2025\/06\/Komatsu-wprowadza-nowa-kabine-operatora-do-koparek-gasienicowych.jpg\",\"contentUrl\":\"https:\/\/glimat.cz\/mistr\/wp-content\/uploads\/2025\/06\/Komatsu-wprowadza-nowa-kabine-operatora-do-koparek-gasienicowych.jpg\",\"width\":1600,\"height\":1067},{\"@type\":\"BreadcrumbList\",\"@id\":\"https:\/\/glimat.cz\/mistr\/prispevky\/komatsu-zavadi-novou-kabinu-operatora-pro-pasove-rypadla\/#breadcrumb\",\"itemListElement\":[{\"@type\":\"ListItem\",\"position\":1,\"name\":\"Strona g\u0142\u00f3wna\",\"item\":\"https:\/\/glimat.cz\/mistr\/\"},{\"@type\":\"ListItem\",\"position\":2,\"name\":\"Komatsu zav\u00e1d\u00ed novou kabinu oper\u00e1tora pro p\u00e1sov\u00e9 rypadla\"}]},{\"@type\":\"WebSite\",\"@id\":\"https:\/\/glimat.cz\/mistr\/#website\",\"url\":\"https:\/\/glimat.cz\/mistr\/\",\"name\":\"Blog Majster\",\"description\":\"V\u0161e, co stoj\u00ed za to v\u011bd\u011bt o stroj\u00edch a jejich provozu\",\"publisher\":{\"@id\":\"https:\/\/glimat.cz\/mistr\/#organization\"},\"potentialAction\":[{\"@type\":\"SearchAction\",\"target\":{\"@type\":\"EntryPoint\",\"urlTemplate\":\"https:\/\/glimat.cz\/mistr\/?s={search_term_string}\"},\"query-input\":{\"@type\":\"PropertyValueSpecification\",\"valueRequired\":true,\"valueName\":\"search_term_string\"}}],\"inLanguage\":\"pl-PL\"},{\"@type\":\"Organization\",\"@id\":\"https:\/\/glimat.cz\/mistr\/#organization\",\"name\":\"Glimat\",\"url\":\"https:\/\/glimat.cz\/mistr\/\",\"logo\":{\"@type\":\"ImageObject\",\"inLanguage\":\"pl-PL\",\"@id\":\"https:\/\/glimat.cz\/mistr\/#\/schema\/logo\/image\/\",\"url\":\"https:\/\/glimat.cz\/mistr\/wp-content\/uploads\/2024\/05\/glimat-logo-svg2.png\",\"contentUrl\":\"https:\/\/glimat.cz\/mistr\/wp-content\/uploads\/2024\/05\/glimat-logo-svg2.png\",\"width\":157,\"height\":187,\"caption\":\"Glimat\"},\"image\":{\"@id\":\"https:\/\/glimat.cz\/mistr\/#\/schema\/logo\/image\/\"}},{\"@type\":\"Person\",\"@id\":\"https:\/\/glimat.cz\/mistr\/#\/schema\/person\/c1718ca272d1657424e032e928f58c1e\",\"name\":\"Emilia\",\"image\":{\"@type\":\"ImageObject\",\"inLanguage\":\"pl-PL\",\"@id\":\"https:\/\/glimat.cz\/mistr\/#\/schema\/person\/image\/f9bf5bc4c98c8624f94dabd58b3857c7\",\"url\":\"https:\/\/secure.gravatar.com\/avatar\/f3b78af81e96ae143ad400ab9ad571648b291ee7fc5ec6323ea4c42c7a1083af?s=96&d=mm&r=g\",\"contentUrl\":\"https:\/\/secure.gravatar.com\/avatar\/f3b78af81e96ae143ad400ab9ad571648b291ee7fc5ec6323ea4c42c7a1083af?s=96&d=mm&r=g\",\"caption\":\"Emilia\"},\"url\":\"https:\/\/glimat.cz\/mistr\/prispevky\/author\/emilia\/\"}]}<\/script>\n<!-- \/ Yoast SEO plugin. -->","yoast_head_json":{"title":"Komatsu zav\u00e1d\u00ed novou kabinu oper\u00e1tora pro p\u00e1sov\u00e9 rypadla - Blog Mistr","robots":{"index":"index","follow":"follow","max-snippet":"max-snippet:-1","max-image-preview":"max-image-preview:large","max-video-preview":"max-video-preview:-1"},"canonical":"https:\/\/glimat.cz\/mistr\/prispevky\/komatsu-zavadi-novou-kabinu-operatora-pro-pasove-rypadla\/","og_locale":"pl_PL","og_type":"article","og_title":"Komatsu zav\u00e1d\u00ed novou kabinu oper\u00e1tora pro p\u00e1sov\u00e9 rypadla - Blog Mistr","og_description":"Z tohoto \u010dl\u00e1nku se dozv\u00edte: Ergonomie, komfort na nejvy\u0161\u0161\u00ed \u00farovni a zv\u00fd\u0161en\u00e1 produktivita Komatsu, na z\u00e1klad\u011b rozs\u00e1hl\u00e9 zp\u011btn\u00e9 vazby od z\u00e1kazn\u00edk\u016f a neust\u00e1l\u00e9 p\u00e9\u010de o pohodu a produktivitu oper\u00e1tor\u016f, zav\u00e1d\u00ed v\u00fdznamnou modernizaci kabiny oper\u00e1tora v p\u00e1sov\u00fdch r\u00fdpadlech. Tento nov\u00fd projekt zd\u016fraz\u0148uje, jak kl\u00ed\u010dov\u00fd je komfort oper\u00e1tora pro efektivitu pr\u00e1ce na staveni\u0161ti. Jak \u0159\u00edk\u00e1 Vince Porteous, produktov\u00fd mana\u017eer v Komatsu Europe: \u201eJi\u017e nyn\u00ed dod\u00e1v\u00e1me na\u0161im z\u00e1kazn\u00edk\u016fm mimo\u0159\u00e1dn\u011b v\u00fdkonn\u00e9 a produktivn\u00ed stroje a nov\u00e1 kabina oper\u00e1tora je krok vp\u0159ed, kter\u00fd v\u00fdrazn\u011b zvy\u0161uje \u00farove\u0148 komfortu a ergonomie.\u201c Snadn\u00e9 nastupov\u00e1n\u00ed a vystupov\u00e1n\u00ed Nov\u00e1 kabina oper\u00e1tora Komatsu byla navr\u017eena s ohledem na u\u017eivatele, aby zajistila pohodl\u00ed ji\u017e od okam\u017eiku vstupu do stroje. \u017dlut\u00e1 madla s vysokou viditelnost\u00ed, um\u00edst\u011bn\u00e1 jak zvenku, tak uvnit\u0159 kabiny, zaji\u0161\u0165uj\u00ed bezpe\u010dn\u00fd p\u0159\u00edstup i p\u0159i slab\u00e9m osv\u011btlen\u00ed. Stylov\u00e1 chromovan\u00e1 klika dve\u0159\u00ed nejen dod\u00e1v\u00e1 modern\u00ed vzhled, ale je tak\u00e9 snadno uchopiteln\u00e1, co\u017e zvy\u0161uje komfort pou\u017e\u00edv\u00e1n\u00ed. Dal\u0161\u00ed madlo na dve\u0159\u00edch usnad\u0148uje jejich zav\u00edr\u00e1n\u00ed a inovativn\u00ed zrc\u00e1tka, kter\u00e1 lze nastavit bez pou\u017eit\u00ed n\u00e1\u0159ad\u00ed, zvy\u0161uj\u00ed bezpe\u010dnost a ergonomii. Osv\u011btlen\u00ed \u201ecoming home\u201c z\u016fst\u00e1v\u00e1 zapnut\u00e9 po dobu 30 sekund po vyjmut\u00ed kl\u00ed\u010dku ze zapalov\u00e1n\u00ed, co\u017e zvy\u0161uje bezpe\u010dnost oper\u00e1tora po ukon\u010den\u00ed pr\u00e1ce. Ergonomick\u00fd pracovn\u00ed prostor a lep\u0161\u00ed viditelnost Interi\u00e9r kabiny byl navr\u017een tak, aby oper\u00e1torovi poskytl pohodln\u00fd a ergonomick\u00fd &hellip;","og_url":"https:\/\/glimat.cz\/mistr\/prispevky\/komatsu-zavadi-novou-kabinu-operatora-pro-pasove-rypadla\/","og_site_name":"Blog Mistr","article_published_time":"2025-11-05T06:00:00+00:00","og_image":[{"width":1600,"height":1067,"url":"https:\/\/glimat.cz\/mistr\/wp-content\/uploads\/2025\/06\/Komatsu-wprowadza-nowa-kabine-operatora-do-koparek-gasienicowych.jpg","type":"image\/jpeg"}],"author":"Emilia","twitter_card":"summary_large_image","twitter_misc":{"Napisane przez":"Emilia","Szacowany czas czytania":"7 minut","Written by":"Emilia"},"schema":{"@context":"https:\/\/schema.org","@graph":[{"@type":"Article","@id":"https:\/\/glimat.cz\/mistr\/prispevky\/komatsu-zavadi-novou-kabinu-operatora-pro-pasove-rypadla\/#article","isPartOf":{"@id":"https:\/\/glimat.cz\/mistr\/prispevky\/komatsu-zavadi-novou-kabinu-operatora-pro-pasove-rypadla\/"},"author":{"name":"Emilia","@id":"https:\/\/glimat.cz\/mistr\/#\/schema\/person\/c1718ca272d1657424e032e928f58c1e"},"headline":"Komatsu zav\u00e1d\u00ed novou kabinu oper\u00e1tora pro p\u00e1sov\u00e9 rypadla","datePublished":"2025-11-05T06:00:00+00:00","mainEntityOfPage":{"@id":"https:\/\/glimat.cz\/mistr\/prispevky\/komatsu-zavadi-novou-kabinu-operatora-pro-pasove-rypadla\/"},"wordCount":1356,"commentCount":0,"publisher":{"@id":"https:\/\/glimat.cz\/mistr\/#organization"},"image":{"@id":"https:\/\/glimat.cz\/mistr\/prispevky\/komatsu-zavadi-novou-kabinu-operatora-pro-pasove-rypadla\/#primaryimage"},"thumbnailUrl":"https:\/\/glimat.cz\/mistr\/wp-content\/uploads\/2025\/06\/Komatsu-wprowadza-nowa-kabine-operatora-do-koparek-gasienicowych.jpg","keywords":["glimat","Komatsu","Zna\u010dky stroj\u016f"],"articleSection":["Komatsu"],"inLanguage":"pl-PL","potentialAction":[{"@type":"CommentAction","name":"Comment","target":["https:\/\/glimat.cz\/mistr\/prispevky\/komatsu-zavadi-novou-kabinu-operatora-pro-pasove-rypadla\/#respond"]}]},{"@type":"WebPage","@id":"https:\/\/glimat.cz\/mistr\/prispevky\/komatsu-zavadi-novou-kabinu-operatora-pro-pasove-rypadla\/","url":"https:\/\/glimat.cz\/mistr\/prispevky\/komatsu-zavadi-novou-kabinu-operatora-pro-pasove-rypadla\/","name":"Komatsu zav\u00e1d\u00ed novou kabinu oper\u00e1tora pro p\u00e1sov\u00e9 rypadla - Blog Mistr","isPartOf":{"@id":"https:\/\/glimat.cz\/mistr\/#website"},"primaryImageOfPage":{"@id":"https:\/\/glimat.cz\/mistr\/prispevky\/komatsu-zavadi-novou-kabinu-operatora-pro-pasove-rypadla\/#primaryimage"},"image":{"@id":"https:\/\/glimat.cz\/mistr\/prispevky\/komatsu-zavadi-novou-kabinu-operatora-pro-pasove-rypadla\/#primaryimage"},"thumbnailUrl":"https:\/\/glimat.cz\/mistr\/wp-content\/uploads\/2025\/06\/Komatsu-wprowadza-nowa-kabine-operatora-do-koparek-gasienicowych.jpg","datePublished":"2025-11-05T06:00:00+00:00","breadcrumb":{"@id":"https:\/\/glimat.cz\/mistr\/prispevky\/komatsu-zavadi-novou-kabinu-operatora-pro-pasove-rypadla\/#breadcrumb"},"inLanguage":"pl-PL","potentialAction":[{"@type":"ReadAction","target":["https:\/\/glimat.cz\/mistr\/prispevky\/komatsu-zavadi-novou-kabinu-operatora-pro-pasove-rypadla\/"]}]},{"@type":"ImageObject","inLanguage":"pl-PL","@id":"https:\/\/glimat.cz\/mistr\/prispevky\/komatsu-zavadi-novou-kabinu-operatora-pro-pasove-rypadla\/#primaryimage","url":"https:\/\/glimat.cz\/mistr\/wp-content\/uploads\/2025\/06\/Komatsu-wprowadza-nowa-kabine-operatora-do-koparek-gasienicowych.jpg","contentUrl":"https:\/\/glimat.cz\/mistr\/wp-content\/uploads\/2025\/06\/Komatsu-wprowadza-nowa-kabine-operatora-do-koparek-gasienicowych.jpg","width":1600,"height":1067},{"@type":"BreadcrumbList","@id":"https:\/\/glimat.cz\/mistr\/prispevky\/komatsu-zavadi-novou-kabinu-operatora-pro-pasove-rypadla\/#breadcrumb","itemListElement":[{"@type":"ListItem","position":1,"name":"Strona g\u0142\u00f3wna","item":"https:\/\/glimat.cz\/mistr\/"},{"@type":"ListItem","position":2,"name":"Komatsu zav\u00e1d\u00ed novou kabinu oper\u00e1tora pro p\u00e1sov\u00e9 rypadla"}]},{"@type":"WebSite","@id":"https:\/\/glimat.cz\/mistr\/#website","url":"https:\/\/glimat.cz\/mistr\/","name":"Blog Majster","description":"V\u0161e, co stoj\u00ed za to v\u011bd\u011bt o stroj\u00edch a jejich provozu","publisher":{"@id":"https:\/\/glimat.cz\/mistr\/#organization"},"potentialAction":[{"@type":"SearchAction","target":{"@type":"EntryPoint","urlTemplate":"https:\/\/glimat.cz\/mistr\/?s={search_term_string}"},"query-input":{"@type":"PropertyValueSpecification","valueRequired":true,"valueName":"search_term_string"}}],"inLanguage":"pl-PL"},{"@type":"Organization","@id":"https:\/\/glimat.cz\/mistr\/#organization","name":"Glimat","url":"https:\/\/glimat.cz\/mistr\/","logo":{"@type":"ImageObject","inLanguage":"pl-PL","@id":"https:\/\/glimat.cz\/mistr\/#\/schema\/logo\/image\/","url":"https:\/\/glimat.cz\/mistr\/wp-content\/uploads\/2024\/05\/glimat-logo-svg2.png","contentUrl":"https:\/\/glimat.cz\/mistr\/wp-content\/uploads\/2024\/05\/glimat-logo-svg2.png","width":157,"height":187,"caption":"Glimat"},"image":{"@id":"https:\/\/glimat.cz\/mistr\/#\/schema\/logo\/image\/"}},{"@type":"Person","@id":"https:\/\/glimat.cz\/mistr\/#\/schema\/person\/c1718ca272d1657424e032e928f58c1e","name":"Emilia","image":{"@type":"ImageObject","inLanguage":"pl-PL","@id":"https:\/\/glimat.cz\/mistr\/#\/schema\/person\/image\/f9bf5bc4c98c8624f94dabd58b3857c7","url":"https:\/\/secure.gravatar.com\/avatar\/f3b78af81e96ae143ad400ab9ad571648b291ee7fc5ec6323ea4c42c7a1083af?s=96&d=mm&r=g","contentUrl":"https:\/\/secure.gravatar.com\/avatar\/f3b78af81e96ae143ad400ab9ad571648b291ee7fc5ec6323ea4c42c7a1083af?s=96&d=mm&r=g","caption":"Emilia"},"url":"https:\/\/glimat.cz\/mistr\/prispevky\/author\/emilia\/"}]}},"_links":{"self":[{"href":"https:\/\/glimat.cz\/mistr\/wp-json\/wp\/v2\/posts\/7074","targetHints":{"allow":["GET"]}}],"collection":[{"href":"https:\/\/glimat.cz\/mistr\/wp-json\/wp\/v2\/posts"}],"about":[{"href":"https:\/\/glimat.cz\/mistr\/wp-json\/wp\/v2\/types\/post"}],"author":[{"embeddable":true,"href":"https:\/\/glimat.cz\/mistr\/wp-json\/wp\/v2\/users\/4"}],"replies":[{"embeddable":true,"href":"https:\/\/glimat.cz\/mistr\/wp-json\/wp\/v2\/comments?post=7074"}],"version-history":[{"count":2,"href":"https:\/\/glimat.cz\/mistr\/wp-json\/wp\/v2\/posts\/7074\/revisions"}],"predecessor-version":[{"id":7864,"href":"https:\/\/glimat.cz\/mistr\/wp-json\/wp\/v2\/posts\/7074\/revisions\/7864"}],"wp:featuredmedia":[{"embeddable":true,"href":"https:\/\/glimat.cz\/mistr\/wp-json\/wp\/v2\/media\/7221"}],"wp:attachment":[{"href":"https:\/\/glimat.cz\/mistr\/wp-json\/wp\/v2\/media?parent=7074"}],"wp:term":[{"taxonomy":"category","embeddable":true,"href":"https:\/\/glimat.cz\/mistr\/wp-json\/wp\/v2\/categories?post=7074"},{"taxonomy":"post_tag","embeddable":true,"href":"https:\/\/glimat.cz\/mistr\/wp-json\/wp\/v2\/tags?post=7074"},{"taxonomy":"author","embeddable":true,"href":"https:\/\/glimat.cz\/mistr\/wp-json\/wp\/v2\/coauthors?post=7074"}],"curies":[{"name":"wp","href":"https:\/\/api.w.org\/{rel}","templated":true}]}}