{"id":7034,"date":"2025-10-23T07:00:00","date_gmt":"2025-10-23T05:00:00","guid":{"rendered":"https:\/\/glimat.cz\/mistr\/?p=7034"},"modified":"2025-09-25T12:01:47","modified_gmt":"2025-09-25T10:01:47","slug":"nejprve-sucho-ted-bourky-a-povodne-polsko-celi-zivelnym-pohromam","status":"publish","type":"post","link":"https:\/\/glimat.cz\/mistr\/prispevky\/nejprve-sucho-ted-bourky-a-povodne-polsko-celi-zivelnym-pohromam\/","title":{"rendered":"Nejprve sucho, te\u010f bou\u0159ky a povodn\u011b. Polsko \u010del\u00ed \u017eiveln\u00fdm pohrom\u00e1m."},"content":{"rendered":"\n<div class=\"wp-block-group has-light-background-color has-background\"><div class=\"wp-block-group__inner-container is-layout-constrained wp-block-group-is-layout-constrained\">\n<p class=\"has-dark-color has-text-color has-link-color has-medium-font-size wp-elements-3b7c7cdd6e91be1d9990a4c278032292\"><strong>Z tohoto \u010dl\u00e1nku se dozv\u00edte:<\/strong><\/p>\n\n\n\n<ul class=\"wp-block-list\">\n<li style=\"font-size:16px\"><strong><a href=\"#Sucho-\u2013-aktu\u00e1ln\u00ed-stav-a-p\u0159edpov\u011bdi\">Sucho \u2013 aktu\u00e1ln\u00ed stav a p\u0159edpov\u011bdi<\/a><\/strong><\/li>\n\n\n\n<li style=\"font-size:16px\"><strong><a href=\"#N\u00e1klady-\u017eiveln\u00edch-katastrof-pro-polskou-ekonomiku\">N\u00e1klady \u017eiveln\u00edch katastrof pro polskou ekonomiku<\/a><\/strong><\/li>\n\n\n\n<li style=\"font-size:16px\"><strong><a href=\"#Tabulka-finan\u010dn\u00edch-ztr\u00e1t\">Tabulka finan\u010dn\u00edch ztr\u00e1t<\/a><\/strong><\/li>\n<\/ul>\n<\/div><\/div>\n\n\n\n<div style=\"height:40px\" aria-hidden=\"true\" class=\"wp-block-spacer\"><\/div>\n\n\n\n<p>Pov\u011btrnostn\u00ed jevy mohou v\u00fdrazn\u011b ovlivnit ekonomiku \u2013 jak pozitivn\u011b, tak i negativn\u011b.<\/p>\n\n\n\n<p>Institut ochrany \u017eivotn\u00edho prost\u0159ed\u00ed odhadl, \u017ee v letech 2001\u20132016 Polsko ztratilo 78 mld. zlot\u00fdch v d\u016fsledku \u0161kod na infrastruktu\u0159e a majetku zp\u016fsoben\u00fdch \u017eiveln\u00edmi katastrofami. Jak\u00fdm zp\u016fsobem se tedy na ekonomice odr\u00e1\u017eej\u00ed posledn\u00ed lij\u00e1ky a povodn\u011b?<\/p>\n\n\n\n<div style=\"height:40px\" aria-hidden=\"true\" class=\"wp-block-spacer\"><\/div>\n\n\n\n<figure class=\"wp-block-image size-large\"><img fetchpriority=\"high\" decoding=\"async\" width=\"1024\" height=\"683\" src=\"https:\/\/glimat.cz\/mistr\/wp-content\/uploads\/2025\/06\/najpierw-susza-2-1024x683.jpg\" alt=\"\" class=\"wp-image-7827\" srcset=\"https:\/\/glimat.cz\/mistr\/wp-content\/uploads\/2025\/06\/najpierw-susza-2-1024x683.jpg 1024w, https:\/\/glimat.cz\/mistr\/wp-content\/uploads\/2025\/06\/najpierw-susza-2-300x200.jpg 300w, https:\/\/glimat.cz\/mistr\/wp-content\/uploads\/2025\/06\/najpierw-susza-2-200x133.jpg 200w, https:\/\/glimat.cz\/mistr\/wp-content\/uploads\/2025\/06\/najpierw-susza-2-768x512.jpg 768w, https:\/\/glimat.cz\/mistr\/wp-content\/uploads\/2025\/06\/najpierw-susza-2-480x320.jpg 480w, https:\/\/glimat.cz\/mistr\/wp-content\/uploads\/2025\/06\/najpierw-susza-2.jpg 1199w\" sizes=\"(max-width: 1024px) 100vw, 1024px\" \/><\/figure>\n\n\n\n<div style=\"height:40px\" aria-hidden=\"true\" class=\"wp-block-spacer\"><\/div>\n\n\n\n<h2 class=\"wp-block-heading\" id=\"Sucho-\u2013-aktu\u00e1ln\u00ed-stav-a-p\u0159edpov\u011bdi\"><strong>Sucho \u2013 aktu\u00e1ln\u00ed stav a p\u0159edpov\u011bdi<\/strong><\/h2>\n\n\n\n<p>Je\u0161t\u011b ned\u00e1vno se dalo ob\u00e1vat pouze sucha, a v posledn\u00edch dnech Vl\u00e1dn\u00ed centrum bezpe\u010dnosti rozeslalo mno\u017estv\u00ed varov\u00e1n\u00ed o vydatn\u00fdch de\u0161t\u00edch a bou\u0159\u00edch s krupobit\u00edm. Protipovod\u0148ov\u00e1 pohotovost byla vyhl\u00e1\u0161ena v mnoha regionech <a href=\"https:\/\/glimat.cz\/mistr\/prispevky\/dlouho-ocekavane-zmeny-ve-verejnych-zakazkach-gddkia-oznamuje-zlepseni-klicovych-mechanismu\/\">Polska<\/a>. S nejv\u011bt\u0161\u00edmi probl\u00e9my se musely pot\u00fdkat:<\/p>\n\n\n\n<ol class=\"wp-block-list\">\n<li>Malopolsko,<\/li>\n\n\n\n<li>Slezsko,<\/li>\n\n\n\n<li>Podkarpatsko,<\/li>\n\n\n\n<li>Doln\u00ed Slezsko.<\/li>\n<\/ol>\n\n\n\n<div style=\"height:40px\" aria-hidden=\"true\" class=\"wp-block-spacer\"><\/div>\n\n\n\n<blockquote class=\"wp-block-quote is-style-plain is-layout-flow wp-block-quote-is-layout-flow\">\n<p><strong>PAMATUJTE<\/strong><br>P\u0159es posledn\u00ed lij\u00e1ky a povodn\u011b z\u016fst\u00e1v\u00e1 probl\u00e9m sucha v Polsku st\u00e1le v\u00e1\u017enou hrozbou pro zem\u011bd\u011blstv\u00ed a ekonomiku.<\/p>\n<\/blockquote>\n\n\n\n<div style=\"height:40px\" aria-hidden=\"true\" class=\"wp-block-spacer\"><\/div>\n\n\n\n<p>Mohlo by se zd\u00e1t, \u017ee kv\u016fli hromad\u011bn\u00ed lij\u00e1k\u016f v jednom obdob\u00ed se probl\u00e9m sucha stal minulost\u00ed, av\u0161ak nic nen\u00ed vzd\u00e1len\u011bj\u0161\u00ed pravd\u011b. Odborn\u00edci z \u00dastavu p\u011bstov\u00e1n\u00ed, hnojen\u00ed a p\u016fdoznalstv\u00ed hodnot\u00ed, \u017ee zat\u00edmco v povrchov\u00e9 vrstv\u011b p\u016fdy se objevilo dost vody, ve vrstv\u00e1ch pod 30 cm st\u00e1le p\u0159etrv\u00e1vaj\u00ed zna\u010dn\u00e9 nedostatky v zavla\u017eov\u00e1n\u00ed, co\u017e negativn\u011b ovliv\u0148uje plodiny:<\/p>\n\n\n\n<p>jarn\u00edch a ozim\u00fdch obilovin, jahod, ovocn\u00fdch ke\u0159\u016f, ovocn\u00fdch strom\u016f.<\/p>\n\n\n\n<div style=\"height:40px\" aria-hidden=\"true\" class=\"wp-block-spacer\"><\/div>\n\n\n\n<p>Dr. Jaros\u0142aw Sucho\u017cebrski z Var\u0161avsk\u00e9 univerzity podot\u00fdk\u00e1, \u017ee po desetilet\u00ed byla polsk\u00e1 vodohospod\u00e1\u0159sk\u00e1 politika zam\u011b\u0159ena na \u0159e\u0161en\u00ed nadbytku vody. Z toho d\u016fvodu se nikdo nezam\u00fd\u0161lel nad mo\u017enostmi jej\u00edho uchov\u00e1v\u00e1n\u00ed a sb\u011bru, co\u017e by bylo v\u00fdhodn\u00e9 p\u0159i dne\u0161n\u00edch velk\u00fdch probl\u00e9mech se suchem na \u00fazem\u00ed na\u0161eho st\u00e1tu. Meliora\u010dn\u00ed syst\u00e9my nejsou \u00fa\u010dinn\u00e9 a voda ze sr\u00e1\u017eek st\u00e9k\u00e1 p\u0159\u00edmo do \u0159ek a mo\u0159e.<\/p>\n\n\n\n<div style=\"height:40px\" aria-hidden=\"true\" class=\"wp-block-spacer\"><\/div>\n\n\n\n<p class=\"has-light-color has-dark-background-color has-text-color has-background has-link-color has-medium-font-size wp-elements-5a8fb2e9ba00c32ad3fb799d8a0d1075\"><strong>UPOZORN\u011aN\u00cd<\/strong><br>Posledn\u00ed \u017eiveln\u00ed katastrofy, jako jsou bou\u0159e a povodn\u011b, mohou v\u00fdrazn\u011b zhor\u0161it stav polsk\u00e9 ekonomiky a zp\u016fsobit ztr\u00e1ty p\u0159esahuj\u00edc\u00ed i v\u00edce ne\u017e 1 % HDP.<\/p>\n\n\n\n<div style=\"height:40px\" aria-hidden=\"true\" class=\"wp-block-spacer\"><\/div>\n\n\n\n<h2 class=\"wp-block-heading\" id=\"N\u00e1klady-\u017eiveln\u00edch-katastrof-pro-polskou-ekonomiku\"><strong>N\u00e1klady \u017eiveln\u00edch katastrof pro polskou ekonomiku<\/strong><\/h2>\n\n\n\n<p>Ka\u017ed\u00fd rok Polsko utrp\u00ed ztr\u00e1ty ve v\u00fd\u0161i a\u017e 0,4 % HDP, p\u0159i\u010dem\u017e se objevuj\u00ed roky, kdy p\u0159esahuj\u00ed i 1 %. To souvis\u00ed s po\u0161kozen\u00edm infrastruktury a majetku, ale tak\u00e9 s omezen\u00edmi a probl\u00e9my podnik\u016f, kter\u00e9 kv\u016fli nutnosti vypo\u0159\u00e1dat se s nimi nejsou schopny dos\u00e1hnout pln\u00e9ho v\u00fdrobn\u00edho potenci\u00e1lu. Odborn\u00edci odhaduj\u00ed, \u017ee stavebn\u00ed trh se m\u016f\u017ee v tomto roce zmen\u0161it o p\u0159ibli\u017en\u011b 3 %, a povodn\u011b, kter\u00e9 se objevuj\u00ed po cel\u00e9 zemi, nazna\u010duj\u00ed, \u017ee ztr\u00e1ty mohou b\u00fdt je\u0161t\u011b v\u011bt\u0161\u00ed.<\/p>\n\n\n\n<div style=\"height:40px\" aria-hidden=\"true\" class=\"wp-block-spacer\"><\/div>\n\n\n\n<p>U\u017e od b\u0159ezna se investo\u0159i zdr\u017eovali zah\u00e1jen\u00ed d\u0159\u00edve pl\u00e1novan\u00fdch staveb. Katastrofy, kter\u00e9 se v posledn\u00edch t\u00fddnech objevuj\u00ed v na\u0161\u00ed zemi, je nepovzbuzuj\u00ed k obnoven\u00ed sv\u00fdch pl\u00e1n\u016f \u2014 a to ani p\u0159es v\u00fdrazn\u00e9 uvoln\u011bn\u00ed omezen\u00ed spojen\u00fdch s pandemi\u00ed Covid\u201319. V sou\u010dasnosti se pil\u00ed\u0159em stavebn\u00edho trhu st\u00e1le v\u00edce st\u00e1v\u00e1 in\u017een\u00fdrsk\u00e9 stavitelstv\u00ed. D\u011bje se tak kv\u016fli rostouc\u00edmu rozsahu infrastrukturn\u00edch program\u016f, k nim\u017e by se \u2014 doufejme \u2014 brzy m\u011bly p\u0159idat stavby dal\u0161\u00edch reten\u010dn\u00edch n\u00e1dr\u017e\u00ed, tolik pot\u0159ebn\u00fdch v zemi posti\u017een\u00e9 suchem.<\/p>\n\n\n\n<div style=\"height:40px\" aria-hidden=\"true\" class=\"wp-block-spacer\"><\/div>\n\n\n\n<h2 class=\"wp-block-heading\" id=\"Tabulka-finan\u010dn\u00edch-ztr\u00e1t\"><strong>Tabulka finan\u010dn\u00edch ztr\u00e1t<\/strong><\/h2>\n\n\n\n<figure class=\"wp-block-table is-style-stripes\"><table class=\"has-fixed-layout\"><thead><tr><th>Region<\/th><th>Hlavn\u00ed probl\u00e9my<\/th><th>Finan\u010dn\u00ed ztr\u00e1ty (mld. PLN)<\/th><\/tr><\/thead><tbody><tr><td>Malopolsko<\/td><td>Lij\u00e1ky, povodn\u011b<\/td><td>10<\/td><\/tr><tr><td>Slezsko<\/td><td>Lij\u00e1ky, povodn\u011b<\/td><td>15<\/td><\/tr><tr><td>Podkarpatsko<\/td><td>Lij\u00e1ky, povodn\u011b<\/td><td>12<\/td><\/tr><tr><td>Doln\u00ed Slezsko<\/td><td>Lij\u00e1ky, povodn\u011b<\/td><td>9<\/td><\/tr><\/tbody><\/table><\/figure>\n","protected":false},"excerpt":{"rendered":"<p>Po\u010das\u00ed m\u016f\u017ee v\u00fdrazn\u011b ovlivnit ekonomiku \u2013 a to jak pozitivn\u011b, tak negativn\u011b.<\/p>\n","protected":false},"author":4,"featured_media":7478,"comment_status":"open","ping_status":"open","sticky":false,"template":"","format":"standard","meta":{"_acf_changed":false,"_monsterinsights_skip_tracking":false,"_monsterinsights_sitenote_active":false,"_monsterinsights_sitenote_note":"","_monsterinsights_sitenote_category":0,"footnotes":""},"categories":[330],"tags":[73],"coauthors":[76],"class_list":["post-7034","post","type-post","status-publish","format-standard","has-post-thumbnail","hentry","category-ostatni","tag-glimat"],"acf":[],"magazineBlocksPostFeaturedMedia":{"thumbnail":"https:\/\/glimat.cz\/mistr\/wp-content\/uploads\/2025\/05\/Najpierw-susza-teraz-burze-i-powodzie.-Polska-w-obliczu-klesk-zywiolowych-200x133.jpg","medium":"https:\/\/glimat.cz\/mistr\/wp-content\/uploads\/2025\/05\/Najpierw-susza-teraz-burze-i-powodzie.-Polska-w-obliczu-klesk-zywiolowych-300x200.jpg","medium_large":"https:\/\/glimat.cz\/mistr\/wp-content\/uploads\/2025\/05\/Najpierw-susza-teraz-burze-i-powodzie.-Polska-w-obliczu-klesk-zywiolowych-768x512.jpg","large":"https:\/\/glimat.cz\/mistr\/wp-content\/uploads\/2025\/05\/Najpierw-susza-teraz-burze-i-powodzie.-Polska-w-obliczu-klesk-zywiolowych-1024x683.jpg","1536x1536":"https:\/\/glimat.cz\/mistr\/wp-content\/uploads\/2025\/05\/Najpierw-susza-teraz-burze-i-powodzie.-Polska-w-obliczu-klesk-zywiolowych-1536x1025.jpg","2048x2048":"https:\/\/glimat.cz\/mistr\/wp-content\/uploads\/2025\/05\/Najpierw-susza-teraz-burze-i-powodzie.-Polska-w-obliczu-klesk-zywiolowych-2048x1366.jpg","placeholder-img":"https:\/\/glimat.cz\/mistr\/wp-content\/uploads\/2025\/05\/Najpierw-susza-teraz-burze-i-powodzie.-Polska-w-obliczu-klesk-zywiolowych-20x13.jpg","post-thumbnail":"https:\/\/glimat.cz\/mistr\/wp-content\/uploads\/2025\/05\/Najpierw-susza-teraz-burze-i-powodzie.-Polska-w-obliczu-klesk-zywiolowych-480x320.jpg"},"magazineBlocksPostAuthor":{"name":"Emilia","avatar":"https:\/\/secure.gravatar.com\/avatar\/f3b78af81e96ae143ad400ab9ad571648b291ee7fc5ec6323ea4c42c7a1083af?s=96&d=mm&r=g"},"magazineBlocksPostCommentsNumber":"0","magazineBlocksPostExcerpt":"Po\u010das\u00ed m\u016f\u017ee v\u00fdrazn\u011b ovlivnit ekonomiku \u2013 a to jak pozitivn\u011b, tak negativn\u011b.","magazineBlocksPostCategories":["Ostatn\u00ed"],"magazineBlocksPostViewCount":75,"magazineBlocksPostReadTime":4,"magazine_blocks_featured_image_url":{"full":["https:\/\/glimat.cz\/mistr\/wp-content\/uploads\/2025\/05\/Najpierw-susza-teraz-burze-i-powodzie.-Polska-w-obliczu-klesk-zywiolowych.jpg",2560,1708,false],"medium":["https:\/\/glimat.cz\/mistr\/wp-content\/uploads\/2025\/05\/Najpierw-susza-teraz-burze-i-powodzie.-Polska-w-obliczu-klesk-zywiolowych-300x200.jpg",300,200,true],"thumbnail":["https:\/\/glimat.cz\/mistr\/wp-content\/uploads\/2025\/05\/Najpierw-susza-teraz-burze-i-powodzie.-Polska-w-obliczu-klesk-zywiolowych-200x133.jpg",200,133,true]},"magazine_blocks_author":{"display_name":"Emilia","author_link":"https:\/\/glimat.cz\/mistr\/prispevky\/author\/emilia\/"},"magazine_blocks_comment":0,"magazine_blocks_author_image":"https:\/\/secure.gravatar.com\/avatar\/f3b78af81e96ae143ad400ab9ad571648b291ee7fc5ec6323ea4c42c7a1083af?s=96&d=mm&r=g","magazine_blocks_category":"<a href=\"#\" class=\"category-link category-link-330\">Ostatn\u00ed<\/a>","yoast_head":"<!-- This site is optimized with the Yoast SEO plugin v26.8 - https:\/\/yoast.com\/product\/yoast-seo-wordpress\/ -->\n<title>Nejprve sucho, te\u010f bou\u0159ky a povodn\u011b. Polsko \u010del\u00ed \u017eiveln\u00fdm pohrom\u00e1m. - Blog Mistr<\/title>\n<meta name=\"robots\" content=\"index, follow, max-snippet:-1, max-image-preview:large, max-video-preview:-1\" \/>\n<link rel=\"canonical\" href=\"https:\/\/glimat.cz\/mistr\/prispevky\/nejprve-sucho-ted-bourky-a-povodne-polsko-celi-zivelnym-pohromam\/\" \/>\n<meta property=\"og:locale\" content=\"pl_PL\" \/>\n<meta property=\"og:type\" content=\"article\" \/>\n<meta property=\"og:title\" content=\"Nejprve sucho, te\u010f bou\u0159ky a povodn\u011b. Polsko \u010del\u00ed \u017eiveln\u00fdm pohrom\u00e1m. - Blog Mistr\" \/>\n<meta property=\"og:description\" content=\"Po\u010das\u00ed m\u016f\u017ee v\u00fdrazn\u011b ovlivnit ekonomiku \u2013 a to jak pozitivn\u011b, tak negativn\u011b.\" \/>\n<meta property=\"og:url\" content=\"https:\/\/glimat.cz\/mistr\/prispevky\/nejprve-sucho-ted-bourky-a-povodne-polsko-celi-zivelnym-pohromam\/\" \/>\n<meta property=\"og:site_name\" content=\"Blog Mistr\" \/>\n<meta property=\"article:published_time\" content=\"2025-10-23T05:00:00+00:00\" \/>\n<meta property=\"og:image\" content=\"https:\/\/glimat.cz\/mistr\/wp-content\/uploads\/2025\/05\/Najpierw-susza-teraz-burze-i-powodzie.-Polska-w-obliczu-klesk-zywiolowych.jpg\" \/>\n\t<meta property=\"og:image:width\" content=\"2560\" \/>\n\t<meta property=\"og:image:height\" content=\"1708\" \/>\n\t<meta property=\"og:image:type\" content=\"image\/jpeg\" \/>\n<meta name=\"author\" content=\"Emilia\" \/>\n<meta name=\"twitter:card\" content=\"summary_large_image\" \/>\n<meta name=\"twitter:label1\" content=\"Napisane przez\" \/>\n\t<meta name=\"twitter:data1\" content=\"Emilia\" \/>\n\t<meta name=\"twitter:label2\" content=\"Szacowany czas czytania\" \/>\n\t<meta name=\"twitter:data2\" content=\"4 minuty\" \/>\n\t<meta name=\"twitter:label3\" content=\"Written by\" \/>\n\t<meta name=\"twitter:data3\" content=\"Emilia\" \/>\n<script type=\"application\/ld+json\" class=\"yoast-schema-graph\">{\"@context\":\"https:\/\/schema.org\",\"@graph\":[{\"@type\":\"Article\",\"@id\":\"https:\/\/glimat.cz\/mistr\/prispevky\/nejprve-sucho-ted-bourky-a-povodne-polsko-celi-zivelnym-pohromam\/#article\",\"isPartOf\":{\"@id\":\"https:\/\/glimat.cz\/mistr\/prispevky\/nejprve-sucho-ted-bourky-a-povodne-polsko-celi-zivelnym-pohromam\/\"},\"author\":{\"name\":\"Emilia\",\"@id\":\"https:\/\/glimat.cz\/mistr\/#\/schema\/person\/c1718ca272d1657424e032e928f58c1e\"},\"headline\":\"Nejprve sucho, te\u010f bou\u0159ky a povodn\u011b. Polsko \u010del\u00ed \u017eiveln\u00fdm pohrom\u00e1m.\",\"datePublished\":\"2025-10-23T05:00:00+00:00\",\"mainEntityOfPage\":{\"@id\":\"https:\/\/glimat.cz\/mistr\/prispevky\/nejprve-sucho-ted-bourky-a-povodne-polsko-celi-zivelnym-pohromam\/\"},\"wordCount\":653,\"commentCount\":0,\"publisher\":{\"@id\":\"https:\/\/glimat.cz\/mistr\/#organization\"},\"image\":{\"@id\":\"https:\/\/glimat.cz\/mistr\/prispevky\/nejprve-sucho-ted-bourky-a-povodne-polsko-celi-zivelnym-pohromam\/#primaryimage\"},\"thumbnailUrl\":\"https:\/\/glimat.cz\/mistr\/wp-content\/uploads\/2025\/05\/Najpierw-susza-teraz-burze-i-powodzie.-Polska-w-obliczu-klesk-zywiolowych.jpg\",\"keywords\":[\"glimat\"],\"articleSection\":[\"Ostatn\u00ed\"],\"inLanguage\":\"pl-PL\",\"potentialAction\":[{\"@type\":\"CommentAction\",\"name\":\"Comment\",\"target\":[\"https:\/\/glimat.cz\/mistr\/prispevky\/nejprve-sucho-ted-bourky-a-povodne-polsko-celi-zivelnym-pohromam\/#respond\"]}]},{\"@type\":\"WebPage\",\"@id\":\"https:\/\/glimat.cz\/mistr\/prispevky\/nejprve-sucho-ted-bourky-a-povodne-polsko-celi-zivelnym-pohromam\/\",\"url\":\"https:\/\/glimat.cz\/mistr\/prispevky\/nejprve-sucho-ted-bourky-a-povodne-polsko-celi-zivelnym-pohromam\/\",\"name\":\"Nejprve sucho, te\u010f bou\u0159ky a povodn\u011b. Polsko \u010del\u00ed \u017eiveln\u00fdm pohrom\u00e1m. - Blog Mistr\",\"isPartOf\":{\"@id\":\"https:\/\/glimat.cz\/mistr\/#website\"},\"primaryImageOfPage\":{\"@id\":\"https:\/\/glimat.cz\/mistr\/prispevky\/nejprve-sucho-ted-bourky-a-povodne-polsko-celi-zivelnym-pohromam\/#primaryimage\"},\"image\":{\"@id\":\"https:\/\/glimat.cz\/mistr\/prispevky\/nejprve-sucho-ted-bourky-a-povodne-polsko-celi-zivelnym-pohromam\/#primaryimage\"},\"thumbnailUrl\":\"https:\/\/glimat.cz\/mistr\/wp-content\/uploads\/2025\/05\/Najpierw-susza-teraz-burze-i-powodzie.-Polska-w-obliczu-klesk-zywiolowych.jpg\",\"datePublished\":\"2025-10-23T05:00:00+00:00\",\"breadcrumb\":{\"@id\":\"https:\/\/glimat.cz\/mistr\/prispevky\/nejprve-sucho-ted-bourky-a-povodne-polsko-celi-zivelnym-pohromam\/#breadcrumb\"},\"inLanguage\":\"pl-PL\",\"potentialAction\":[{\"@type\":\"ReadAction\",\"target\":[\"https:\/\/glimat.cz\/mistr\/prispevky\/nejprve-sucho-ted-bourky-a-povodne-polsko-celi-zivelnym-pohromam\/\"]}]},{\"@type\":\"ImageObject\",\"inLanguage\":\"pl-PL\",\"@id\":\"https:\/\/glimat.cz\/mistr\/prispevky\/nejprve-sucho-ted-bourky-a-povodne-polsko-celi-zivelnym-pohromam\/#primaryimage\",\"url\":\"https:\/\/glimat.cz\/mistr\/wp-content\/uploads\/2025\/05\/Najpierw-susza-teraz-burze-i-powodzie.-Polska-w-obliczu-klesk-zywiolowych.jpg\",\"contentUrl\":\"https:\/\/glimat.cz\/mistr\/wp-content\/uploads\/2025\/05\/Najpierw-susza-teraz-burze-i-powodzie.-Polska-w-obliczu-klesk-zywiolowych.jpg\",\"width\":2560,\"height\":1708,\"caption\":\"Dva b\u00edl\u00e9 dod\u00e1vkov\u00e9 vozy jedouc\u00ed po silnici zaplaven\u00e9 vodou.\"},{\"@type\":\"BreadcrumbList\",\"@id\":\"https:\/\/glimat.cz\/mistr\/prispevky\/nejprve-sucho-ted-bourky-a-povodne-polsko-celi-zivelnym-pohromam\/#breadcrumb\",\"itemListElement\":[{\"@type\":\"ListItem\",\"position\":1,\"name\":\"Strona g\u0142\u00f3wna\",\"item\":\"https:\/\/glimat.cz\/mistr\/\"},{\"@type\":\"ListItem\",\"position\":2,\"name\":\"Nejprve sucho, te\u010f bou\u0159ky a povodn\u011b. Polsko \u010del\u00ed \u017eiveln\u00fdm pohrom\u00e1m.\"}]},{\"@type\":\"WebSite\",\"@id\":\"https:\/\/glimat.cz\/mistr\/#website\",\"url\":\"https:\/\/glimat.cz\/mistr\/\",\"name\":\"Blog Majster\",\"description\":\"V\u0161e, co stoj\u00ed za to v\u011bd\u011bt o stroj\u00edch a jejich provozu\",\"publisher\":{\"@id\":\"https:\/\/glimat.cz\/mistr\/#organization\"},\"potentialAction\":[{\"@type\":\"SearchAction\",\"target\":{\"@type\":\"EntryPoint\",\"urlTemplate\":\"https:\/\/glimat.cz\/mistr\/?s={search_term_string}\"},\"query-input\":{\"@type\":\"PropertyValueSpecification\",\"valueRequired\":true,\"valueName\":\"search_term_string\"}}],\"inLanguage\":\"pl-PL\"},{\"@type\":\"Organization\",\"@id\":\"https:\/\/glimat.cz\/mistr\/#organization\",\"name\":\"Glimat\",\"url\":\"https:\/\/glimat.cz\/mistr\/\",\"logo\":{\"@type\":\"ImageObject\",\"inLanguage\":\"pl-PL\",\"@id\":\"https:\/\/glimat.cz\/mistr\/#\/schema\/logo\/image\/\",\"url\":\"https:\/\/glimat.cz\/mistr\/wp-content\/uploads\/2024\/05\/glimat-logo-svg2.png\",\"contentUrl\":\"https:\/\/glimat.cz\/mistr\/wp-content\/uploads\/2024\/05\/glimat-logo-svg2.png\",\"width\":157,\"height\":187,\"caption\":\"Glimat\"},\"image\":{\"@id\":\"https:\/\/glimat.cz\/mistr\/#\/schema\/logo\/image\/\"}},{\"@type\":\"Person\",\"@id\":\"https:\/\/glimat.cz\/mistr\/#\/schema\/person\/c1718ca272d1657424e032e928f58c1e\",\"name\":\"Emilia\",\"image\":{\"@type\":\"ImageObject\",\"inLanguage\":\"pl-PL\",\"@id\":\"https:\/\/glimat.cz\/mistr\/#\/schema\/person\/image\/f9bf5bc4c98c8624f94dabd58b3857c7\",\"url\":\"https:\/\/secure.gravatar.com\/avatar\/f3b78af81e96ae143ad400ab9ad571648b291ee7fc5ec6323ea4c42c7a1083af?s=96&d=mm&r=g\",\"contentUrl\":\"https:\/\/secure.gravatar.com\/avatar\/f3b78af81e96ae143ad400ab9ad571648b291ee7fc5ec6323ea4c42c7a1083af?s=96&d=mm&r=g\",\"caption\":\"Emilia\"},\"url\":\"https:\/\/glimat.cz\/mistr\/prispevky\/author\/emilia\/\"}]}<\/script>\n<!-- \/ Yoast SEO plugin. -->","yoast_head_json":{"title":"Nejprve sucho, te\u010f bou\u0159ky a povodn\u011b. Polsko \u010del\u00ed \u017eiveln\u00fdm pohrom\u00e1m. - Blog Mistr","robots":{"index":"index","follow":"follow","max-snippet":"max-snippet:-1","max-image-preview":"max-image-preview:large","max-video-preview":"max-video-preview:-1"},"canonical":"https:\/\/glimat.cz\/mistr\/prispevky\/nejprve-sucho-ted-bourky-a-povodne-polsko-celi-zivelnym-pohromam\/","og_locale":"pl_PL","og_type":"article","og_title":"Nejprve sucho, te\u010f bou\u0159ky a povodn\u011b. Polsko \u010del\u00ed \u017eiveln\u00fdm pohrom\u00e1m. - Blog Mistr","og_description":"Po\u010das\u00ed m\u016f\u017ee v\u00fdrazn\u011b ovlivnit ekonomiku \u2013 a to jak pozitivn\u011b, tak negativn\u011b.","og_url":"https:\/\/glimat.cz\/mistr\/prispevky\/nejprve-sucho-ted-bourky-a-povodne-polsko-celi-zivelnym-pohromam\/","og_site_name":"Blog Mistr","article_published_time":"2025-10-23T05:00:00+00:00","og_image":[{"width":2560,"height":1708,"url":"https:\/\/glimat.cz\/mistr\/wp-content\/uploads\/2025\/05\/Najpierw-susza-teraz-burze-i-powodzie.-Polska-w-obliczu-klesk-zywiolowych.jpg","type":"image\/jpeg"}],"author":"Emilia","twitter_card":"summary_large_image","twitter_misc":{"Napisane przez":"Emilia","Szacowany czas czytania":"4 minuty","Written by":"Emilia"},"schema":{"@context":"https:\/\/schema.org","@graph":[{"@type":"Article","@id":"https:\/\/glimat.cz\/mistr\/prispevky\/nejprve-sucho-ted-bourky-a-povodne-polsko-celi-zivelnym-pohromam\/#article","isPartOf":{"@id":"https:\/\/glimat.cz\/mistr\/prispevky\/nejprve-sucho-ted-bourky-a-povodne-polsko-celi-zivelnym-pohromam\/"},"author":{"name":"Emilia","@id":"https:\/\/glimat.cz\/mistr\/#\/schema\/person\/c1718ca272d1657424e032e928f58c1e"},"headline":"Nejprve sucho, te\u010f bou\u0159ky a povodn\u011b. Polsko \u010del\u00ed \u017eiveln\u00fdm pohrom\u00e1m.","datePublished":"2025-10-23T05:00:00+00:00","mainEntityOfPage":{"@id":"https:\/\/glimat.cz\/mistr\/prispevky\/nejprve-sucho-ted-bourky-a-povodne-polsko-celi-zivelnym-pohromam\/"},"wordCount":653,"commentCount":0,"publisher":{"@id":"https:\/\/glimat.cz\/mistr\/#organization"},"image":{"@id":"https:\/\/glimat.cz\/mistr\/prispevky\/nejprve-sucho-ted-bourky-a-povodne-polsko-celi-zivelnym-pohromam\/#primaryimage"},"thumbnailUrl":"https:\/\/glimat.cz\/mistr\/wp-content\/uploads\/2025\/05\/Najpierw-susza-teraz-burze-i-powodzie.-Polska-w-obliczu-klesk-zywiolowych.jpg","keywords":["glimat"],"articleSection":["Ostatn\u00ed"],"inLanguage":"pl-PL","potentialAction":[{"@type":"CommentAction","name":"Comment","target":["https:\/\/glimat.cz\/mistr\/prispevky\/nejprve-sucho-ted-bourky-a-povodne-polsko-celi-zivelnym-pohromam\/#respond"]}]},{"@type":"WebPage","@id":"https:\/\/glimat.cz\/mistr\/prispevky\/nejprve-sucho-ted-bourky-a-povodne-polsko-celi-zivelnym-pohromam\/","url":"https:\/\/glimat.cz\/mistr\/prispevky\/nejprve-sucho-ted-bourky-a-povodne-polsko-celi-zivelnym-pohromam\/","name":"Nejprve sucho, te\u010f bou\u0159ky a povodn\u011b. Polsko \u010del\u00ed \u017eiveln\u00fdm pohrom\u00e1m. - Blog Mistr","isPartOf":{"@id":"https:\/\/glimat.cz\/mistr\/#website"},"primaryImageOfPage":{"@id":"https:\/\/glimat.cz\/mistr\/prispevky\/nejprve-sucho-ted-bourky-a-povodne-polsko-celi-zivelnym-pohromam\/#primaryimage"},"image":{"@id":"https:\/\/glimat.cz\/mistr\/prispevky\/nejprve-sucho-ted-bourky-a-povodne-polsko-celi-zivelnym-pohromam\/#primaryimage"},"thumbnailUrl":"https:\/\/glimat.cz\/mistr\/wp-content\/uploads\/2025\/05\/Najpierw-susza-teraz-burze-i-powodzie.-Polska-w-obliczu-klesk-zywiolowych.jpg","datePublished":"2025-10-23T05:00:00+00:00","breadcrumb":{"@id":"https:\/\/glimat.cz\/mistr\/prispevky\/nejprve-sucho-ted-bourky-a-povodne-polsko-celi-zivelnym-pohromam\/#breadcrumb"},"inLanguage":"pl-PL","potentialAction":[{"@type":"ReadAction","target":["https:\/\/glimat.cz\/mistr\/prispevky\/nejprve-sucho-ted-bourky-a-povodne-polsko-celi-zivelnym-pohromam\/"]}]},{"@type":"ImageObject","inLanguage":"pl-PL","@id":"https:\/\/glimat.cz\/mistr\/prispevky\/nejprve-sucho-ted-bourky-a-povodne-polsko-celi-zivelnym-pohromam\/#primaryimage","url":"https:\/\/glimat.cz\/mistr\/wp-content\/uploads\/2025\/05\/Najpierw-susza-teraz-burze-i-powodzie.-Polska-w-obliczu-klesk-zywiolowych.jpg","contentUrl":"https:\/\/glimat.cz\/mistr\/wp-content\/uploads\/2025\/05\/Najpierw-susza-teraz-burze-i-powodzie.-Polska-w-obliczu-klesk-zywiolowych.jpg","width":2560,"height":1708,"caption":"Dva b\u00edl\u00e9 dod\u00e1vkov\u00e9 vozy jedouc\u00ed po silnici zaplaven\u00e9 vodou."},{"@type":"BreadcrumbList","@id":"https:\/\/glimat.cz\/mistr\/prispevky\/nejprve-sucho-ted-bourky-a-povodne-polsko-celi-zivelnym-pohromam\/#breadcrumb","itemListElement":[{"@type":"ListItem","position":1,"name":"Strona g\u0142\u00f3wna","item":"https:\/\/glimat.cz\/mistr\/"},{"@type":"ListItem","position":2,"name":"Nejprve sucho, te\u010f bou\u0159ky a povodn\u011b. Polsko \u010del\u00ed \u017eiveln\u00fdm pohrom\u00e1m."}]},{"@type":"WebSite","@id":"https:\/\/glimat.cz\/mistr\/#website","url":"https:\/\/glimat.cz\/mistr\/","name":"Blog Majster","description":"V\u0161e, co stoj\u00ed za to v\u011bd\u011bt o stroj\u00edch a jejich provozu","publisher":{"@id":"https:\/\/glimat.cz\/mistr\/#organization"},"potentialAction":[{"@type":"SearchAction","target":{"@type":"EntryPoint","urlTemplate":"https:\/\/glimat.cz\/mistr\/?s={search_term_string}"},"query-input":{"@type":"PropertyValueSpecification","valueRequired":true,"valueName":"search_term_string"}}],"inLanguage":"pl-PL"},{"@type":"Organization","@id":"https:\/\/glimat.cz\/mistr\/#organization","name":"Glimat","url":"https:\/\/glimat.cz\/mistr\/","logo":{"@type":"ImageObject","inLanguage":"pl-PL","@id":"https:\/\/glimat.cz\/mistr\/#\/schema\/logo\/image\/","url":"https:\/\/glimat.cz\/mistr\/wp-content\/uploads\/2024\/05\/glimat-logo-svg2.png","contentUrl":"https:\/\/glimat.cz\/mistr\/wp-content\/uploads\/2024\/05\/glimat-logo-svg2.png","width":157,"height":187,"caption":"Glimat"},"image":{"@id":"https:\/\/glimat.cz\/mistr\/#\/schema\/logo\/image\/"}},{"@type":"Person","@id":"https:\/\/glimat.cz\/mistr\/#\/schema\/person\/c1718ca272d1657424e032e928f58c1e","name":"Emilia","image":{"@type":"ImageObject","inLanguage":"pl-PL","@id":"https:\/\/glimat.cz\/mistr\/#\/schema\/person\/image\/f9bf5bc4c98c8624f94dabd58b3857c7","url":"https:\/\/secure.gravatar.com\/avatar\/f3b78af81e96ae143ad400ab9ad571648b291ee7fc5ec6323ea4c42c7a1083af?s=96&d=mm&r=g","contentUrl":"https:\/\/secure.gravatar.com\/avatar\/f3b78af81e96ae143ad400ab9ad571648b291ee7fc5ec6323ea4c42c7a1083af?s=96&d=mm&r=g","caption":"Emilia"},"url":"https:\/\/glimat.cz\/mistr\/prispevky\/author\/emilia\/"}]}},"_links":{"self":[{"href":"https:\/\/glimat.cz\/mistr\/wp-json\/wp\/v2\/posts\/7034","targetHints":{"allow":["GET"]}}],"collection":[{"href":"https:\/\/glimat.cz\/mistr\/wp-json\/wp\/v2\/posts"}],"about":[{"href":"https:\/\/glimat.cz\/mistr\/wp-json\/wp\/v2\/types\/post"}],"author":[{"embeddable":true,"href":"https:\/\/glimat.cz\/mistr\/wp-json\/wp\/v2\/users\/4"}],"replies":[{"embeddable":true,"href":"https:\/\/glimat.cz\/mistr\/wp-json\/wp\/v2\/comments?post=7034"}],"version-history":[{"count":3,"href":"https:\/\/glimat.cz\/mistr\/wp-json\/wp\/v2\/posts\/7034\/revisions"}],"predecessor-version":[{"id":7828,"href":"https:\/\/glimat.cz\/mistr\/wp-json\/wp\/v2\/posts\/7034\/revisions\/7828"}],"wp:featuredmedia":[{"embeddable":true,"href":"https:\/\/glimat.cz\/mistr\/wp-json\/wp\/v2\/media\/7478"}],"wp:attachment":[{"href":"https:\/\/glimat.cz\/mistr\/wp-json\/wp\/v2\/media?parent=7034"}],"wp:term":[{"taxonomy":"category","embeddable":true,"href":"https:\/\/glimat.cz\/mistr\/wp-json\/wp\/v2\/categories?post=7034"},{"taxonomy":"post_tag","embeddable":true,"href":"https:\/\/glimat.cz\/mistr\/wp-json\/wp\/v2\/tags?post=7034"},{"taxonomy":"author","embeddable":true,"href":"https:\/\/glimat.cz\/mistr\/wp-json\/wp\/v2\/coauthors?post=7034"}],"curies":[{"name":"wp","href":"https:\/\/api.w.org\/{rel}","templated":true}]}}